{"id":66735,"date":"2019-07-19T08:34:08","date_gmt":"2019-07-19T15:34:08","guid":{"rendered":"https:\/\/frenchdistrict.com\/californie-sud\/articles\/\/"},"modified":"2019-07-19T08:40:36","modified_gmt":"2019-07-19T15:40:36","slug":"interview-valerie-anne-giscard-destaing-galerie-xii-los-angeles","status":"publish","type":"post","link":"https:\/\/frenchdistrict.com\/californie-sud\/articles\/interview-valerie-anne-giscard-destaing-galerie-xii-los-angeles\/","title":{"rendered":"Une ouverture sur l\u2019art asiatique et europ\u00e9en"},"content":{"rendered":"<h2>Vous et votre soci\u00e9t\u00e9\u2026<\/h2>\n<h3>Quels services, quels produits, quelle activit\u00e9\u00a0?<\/h3>\n<p>La galerie propose des tirages d\u2019art de <strong>photographes contemporains<\/strong>. Notre s\u00e9lection est orient\u00e9e vers des artistes figuratifs.<\/p>\n<h3>Quel est l\u2019esprit, la culture de votre entreprise\u00a0? Qu\u2019est-ce qui la caract\u00e9rise\u00a0?<\/h3>\n<p><strong>Galerie XII Los Angeles<\/strong> a pour vocation d\u2019introduire des artistes europ\u00e9ens et asiatiques sur la sc\u00e8ne de Los Angeles.<\/p>\n<h3>Pourquoi \u00eates-vous venu vous installer en Californie ?<\/h3>\n<p>Venant en Californie tous les ans pour des raisons personnelles (amis et vacances) depuis une vingtaine d\u2019ann\u00e9es, mon mari (l\u2019\u00e9diteur Bernard Fixot) et moi avons \u00e9t\u00e9 s\u00e9duits par l\u2019ouverture d\u2019esprit et le dynamisme de la ville de Los Angeles.<\/p>\n<h3>Quel conseil donneriez-vous \u00e0 ceux qui souhaitent s\u2019installer en Californie ?<\/h3>\n<p>Venir \u00e0 plusieurs reprises, pour des s\u00e9jours relativement longs, afin de s\u2019impr\u00e9gner de la culture de la r\u00e9gion. Choisir l\u2019implantation en fonction des affinit\u00e9s professionnelles et personnelles. Si possible, commencer par une exp\u00e9rience salari\u00e9e ou contractuelle avant de monter une entreprise.<\/p>\n<h2>La Californie et vous\u2026<\/h2>\n<h3>Qu\u2019est-ce qui vous pla\u00eet en Californie ?<\/h3>\n<p>Le climat \u00e9videmment. Mais surtout l\u2019ouverture d\u2019esprit, le dynamisme, l\u2019esprit positif, les relations humaines.<\/p>\n<h3>Quel est votre endroit pr\u00e9f\u00e9r\u00e9 en Californie ?<\/h3>\n<p>Santa Monica<\/p>\n<h2>Les Etats-Unis et vous\u2026<\/h2>\n<h3>Qu\u2019est-ce qui vous pla\u00eet aux Etats-Unis ?<\/h3>\n<p>Les rapports humains faciles, directs et chaleureux. Le civisme. Le bon fonctionnement des entreprises.<\/p>\n<div class=\"infos-listing\"><\/div>\n","protected":false},"excerpt":{"rendered":"<p>Vous et votre soci\u00e9t\u00e9\u2026 Quels services, quels produits, quelle activit\u00e9\u00a0? La galerie propose des tirages d\u2019art de photographes contemporains. Notre s\u00e9lection est orient\u00e9e vers des artistes figuratifs. Quel est l\u2019esprit, la culture de votre entreprise\u00a0? Qu\u2019est-ce qui la caract\u00e9rise\u00a0? Galerie XII Los Angeles a pour vocation d\u2019introduire des artistes europ\u00e9ens et asiatiques sur la sc\u00e8ne [&hellip;]<\/p>\n","protected":false},"author":5,"featured_media":66736,"comment_status":"open","ping_status":"open","sticky":false,"template":"","format":"standard","meta":{"_acf_changed":false,"footnotes":""},"categories":[366],"tags":[],"class_list":["post-66735","post","type-post","status-publish","format-standard","has-post-thumbnail","hentry","category-french-district-connection"],"acf":[],"yoast_head":"<!-- This site is optimized with the Yoast SEO plugin v26.4 - https:\/\/yoast.com\/wordpress\/plugins\/seo\/ -->\n<title>Interview de Val\u00e9rie-Anne Giscard d&#039;Estaing | Galerie XII Los Angeles<\/title>\n<meta name=\"description\" content=\"Val\u00e9rie-Anne Giscard D&#039;Estaing a ouvert Galerie XII Los Angeles en 2018, retrouvez son interview avec le French District.\" \/>\n<meta name=\"robots\" content=\"index, follow, max-snippet:-1, max-image-preview:large, max-video-preview:-1\" \/>\n<link rel=\"canonical\" href=\"https:\/\/frenchdistrict.com\/californie-sud\/articles\/interview-valerie-anne-giscard-destaing-galerie-xii-los-angeles\/\" \/>\n<meta property=\"og:locale\" content=\"fr_FR\" \/>\n<meta property=\"og:type\" content=\"article\" \/>\n<meta property=\"og:title\" content=\"Interview de Val\u00e9rie-Anne Giscard d&#039;Estaing | Galerie XII Los Angeles\" \/>\n<meta property=\"og:description\" content=\"Val\u00e9rie-Anne Giscard D&#039;Estaing a ouvert Galerie XII Los Angeles en 2018, retrouvez son interview avec le French District.\" \/>\n<meta property=\"og:url\" content=\"https:\/\/frenchdistrict.com\/californie-sud\/articles\/interview-valerie-anne-giscard-destaing-galerie-xii-los-angeles\/\" \/>\n<meta property=\"og:site_name\" content=\"Californie Sud\" \/>\n<meta property=\"article:publisher\" content=\"https:\/\/www.facebook.com\/frenchdistrict\" \/>\n<meta property=\"article:published_time\" content=\"2019-07-19T15:34:08+00:00\" \/>\n<meta property=\"article:modified_time\" content=\"2019-07-19T15:40:36+00:00\" \/>\n<meta property=\"og:image\" content=\"https:\/\/frenchdistrict.com\/californie-sud\/wp-content\/uploads\/sites\/5\/2019\/07\/interview-valerie-anne-giscard-destaing-galerie-xii-los-angeles-une.jpg\" \/>\n\t<meta property=\"og:image:width\" content=\"900\" \/>\n\t<meta property=\"og:image:height\" content=\"616\" \/>\n\t<meta property=\"og:image:type\" content=\"image\/jpeg\" \/>\n<meta name=\"author\" content=\"alix\" \/>\n<meta name=\"twitter:card\" content=\"summary_large_image\" \/>\n<meta name=\"twitter:creator\" content=\"@frenchdistrict\" \/>\n<meta name=\"twitter:site\" content=\"@frenchdistrict\" \/>\n<meta name=\"twitter:label1\" content=\"\u00c9crit par\" \/>\n\t<meta name=\"twitter:data1\" content=\"alix\" \/>\n\t<meta name=\"twitter:label2\" content=\"Dur\u00e9e de lecture estim\u00e9e\" \/>\n\t<meta name=\"twitter:data2\" content=\"1 minute\" \/>\n<script type=\"application\/ld+json\" class=\"yoast-schema-graph\">{\"@context\":\"https:\/\/schema.org\",\"@graph\":[{\"@type\":\"WebPage\",\"@id\":\"https:\/\/frenchdistrict.com\/californie-sud\/articles\/interview-valerie-anne-giscard-destaing-galerie-xii-los-angeles\/\",\"url\":\"https:\/\/frenchdistrict.com\/californie-sud\/articles\/interview-valerie-anne-giscard-destaing-galerie-xii-los-angeles\/\",\"name\":\"Interview de Val\u00e9rie-Anne Giscard d'Estaing | Galerie XII Los Angeles\",\"isPartOf\":{\"@id\":\"https:\/\/frenchdistrict.com\/californie-sud\/#website\"},\"primaryImageOfPage\":{\"@id\":\"https:\/\/frenchdistrict.com\/californie-sud\/articles\/interview-valerie-anne-giscard-destaing-galerie-xii-los-angeles\/#primaryimage\"},\"image\":{\"@id\":\"https:\/\/frenchdistrict.com\/californie-sud\/articles\/interview-valerie-anne-giscard-destaing-galerie-xii-los-angeles\/#primaryimage\"},\"thumbnailUrl\":\"https:\/\/frenchdistrict.com\/californie-sud\/wp-content\/uploads\/sites\/5\/2019\/07\/interview-valerie-anne-giscard-destaing-galerie-xii-los-angeles-une.jpg\",\"datePublished\":\"2019-07-19T15:34:08+00:00\",\"dateModified\":\"2019-07-19T15:40:36+00:00\",\"author\":{\"@id\":\"https:\/\/frenchdistrict.com\/californie-sud\/#\/schema\/person\/c6f42e2f256922989bb0a4df40eb74eb\"},\"description\":\"Val\u00e9rie-Anne Giscard D'Estaing a ouvert Galerie XII Los Angeles en 2018, retrouvez son interview avec le French District.\",\"breadcrumb\":{\"@id\":\"https:\/\/frenchdistrict.com\/californie-sud\/articles\/interview-valerie-anne-giscard-destaing-galerie-xii-los-angeles\/#breadcrumb\"},\"inLanguage\":\"fr-FR\",\"potentialAction\":[{\"@type\":\"ReadAction\",\"target\":[\"https:\/\/frenchdistrict.com\/californie-sud\/articles\/interview-valerie-anne-giscard-destaing-galerie-xii-los-angeles\/\"]}]},{\"@type\":\"ImageObject\",\"inLanguage\":\"fr-FR\",\"@id\":\"https:\/\/frenchdistrict.com\/californie-sud\/articles\/interview-valerie-anne-giscard-destaing-galerie-xii-los-angeles\/#primaryimage\",\"url\":\"https:\/\/frenchdistrict.com\/californie-sud\/wp-content\/uploads\/sites\/5\/2019\/07\/interview-valerie-anne-giscard-destaing-galerie-xii-los-angeles-une.jpg\",\"contentUrl\":\"https:\/\/frenchdistrict.com\/californie-sud\/wp-content\/uploads\/sites\/5\/2019\/07\/interview-valerie-anne-giscard-destaing-galerie-xii-los-angeles-une.jpg\",\"width\":900,\"height\":616,\"caption\":\"interview-valerie-anne-giscard-destaing-galerie-xii-los-angeles-une\"},{\"@type\":\"BreadcrumbList\",\"@id\":\"https:\/\/frenchdistrict.com\/californie-sud\/articles\/interview-valerie-anne-giscard-destaing-galerie-xii-los-angeles\/#breadcrumb\",\"itemListElement\":[{\"@type\":\"ListItem\",\"position\":1,\"name\":\"Californie Sud\",\"item\":\"https:\/\/frenchdistrict.com\/californie-sud\/\"},{\"@type\":\"ListItem\",\"position\":2,\"name\":\"Interviews\",\"item\":\"https:\/\/frenchdistrict.com\/californie-sud\/french-district-connection\/\"},{\"@type\":\"ListItem\",\"position\":3,\"name\":\"Une ouverture sur l\u2019art asiatique et europ\u00e9en\"}]},{\"@type\":\"WebSite\",\"@id\":\"https:\/\/frenchdistrict.com\/californie-sud\/#website\",\"url\":\"https:\/\/frenchdistrict.com\/californie-sud\/\",\"name\":\"Californie Sud\",\"description\":\"Le meilleur de la &lt;span&gt;Californie du Sud&lt;\/span&gt; par ceux qui y vivent\",\"potentialAction\":[{\"@type\":\"SearchAction\",\"target\":{\"@type\":\"EntryPoint\",\"urlTemplate\":\"https:\/\/frenchdistrict.com\/californie-sud\/?s={search_term_string}\"},\"query-input\":{\"@type\":\"PropertyValueSpecification\",\"valueRequired\":true,\"valueName\":\"search_term_string\"}}],\"inLanguage\":\"fr-FR\"},{\"@type\":\"Person\",\"@id\":\"https:\/\/frenchdistrict.com\/californie-sud\/#\/schema\/person\/c6f42e2f256922989bb0a4df40eb74eb\",\"name\":\"alix\",\"image\":{\"@type\":\"ImageObject\",\"inLanguage\":\"fr-FR\",\"@id\":\"https:\/\/frenchdistrict.com\/californie-sud\/#\/schema\/person\/image\/\",\"url\":\"https:\/\/secure.gravatar.com\/avatar\/ed4ae6bf4315242728864c05b2fe8317caf14717783557659a64a08063f9c279?s=96&d=mm&r=g\",\"contentUrl\":\"https:\/\/secure.gravatar.com\/avatar\/ed4ae6bf4315242728864c05b2fe8317caf14717783557659a64a08063f9c279?s=96&d=mm&r=g\",\"caption\":\"alix\"}}]}<\/script>\n<!-- \/ Yoast SEO plugin. -->","yoast_head_json":{"title":"Interview de Val\u00e9rie-Anne Giscard d'Estaing | Galerie XII Los Angeles","description":"Val\u00e9rie-Anne Giscard D'Estaing a ouvert Galerie XII Los Angeles en 2018, retrouvez son interview avec le French District.","robots":{"index":"index","follow":"follow","max-snippet":"max-snippet:-1","max-image-preview":"max-image-preview:large","max-video-preview":"max-video-preview:-1"},"canonical":"https:\/\/frenchdistrict.com\/californie-sud\/articles\/interview-valerie-anne-giscard-destaing-galerie-xii-los-angeles\/","og_locale":"fr_FR","og_type":"article","og_title":"Interview de Val\u00e9rie-Anne Giscard d'Estaing | Galerie XII Los Angeles","og_description":"Val\u00e9rie-Anne Giscard D'Estaing a ouvert Galerie XII Los Angeles en 2018, retrouvez son interview avec le French District.","og_url":"https:\/\/frenchdistrict.com\/californie-sud\/articles\/interview-valerie-anne-giscard-destaing-galerie-xii-los-angeles\/","og_site_name":"Californie Sud","article_publisher":"https:\/\/www.facebook.com\/frenchdistrict","article_published_time":"2019-07-19T15:34:08+00:00","article_modified_time":"2019-07-19T15:40:36+00:00","og_image":[{"width":900,"height":616,"url":"https:\/\/frenchdistrict.com\/californie-sud\/wp-content\/uploads\/sites\/5\/2019\/07\/interview-valerie-anne-giscard-destaing-galerie-xii-los-angeles-une.jpg","type":"image\/jpeg"}],"author":"alix","twitter_card":"summary_large_image","twitter_creator":"@frenchdistrict","twitter_site":"@frenchdistrict","twitter_misc":{"\u00c9crit par":"alix","Dur\u00e9e de lecture estim\u00e9e":"1 minute"},"schema":{"@context":"https:\/\/schema.org","@graph":[{"@type":"WebPage","@id":"https:\/\/frenchdistrict.com\/californie-sud\/articles\/interview-valerie-anne-giscard-destaing-galerie-xii-los-angeles\/","url":"https:\/\/frenchdistrict.com\/californie-sud\/articles\/interview-valerie-anne-giscard-destaing-galerie-xii-los-angeles\/","name":"Interview de Val\u00e9rie-Anne Giscard d'Estaing | Galerie XII Los Angeles","isPartOf":{"@id":"https:\/\/frenchdistrict.com\/californie-sud\/#website"},"primaryImageOfPage":{"@id":"https:\/\/frenchdistrict.com\/californie-sud\/articles\/interview-valerie-anne-giscard-destaing-galerie-xii-los-angeles\/#primaryimage"},"image":{"@id":"https:\/\/frenchdistrict.com\/californie-sud\/articles\/interview-valerie-anne-giscard-destaing-galerie-xii-los-angeles\/#primaryimage"},"thumbnailUrl":"https:\/\/frenchdistrict.com\/californie-sud\/wp-content\/uploads\/sites\/5\/2019\/07\/interview-valerie-anne-giscard-destaing-galerie-xii-los-angeles-une.jpg","datePublished":"2019-07-19T15:34:08+00:00","dateModified":"2019-07-19T15:40:36+00:00","author":{"@id":"https:\/\/frenchdistrict.com\/californie-sud\/#\/schema\/person\/c6f42e2f256922989bb0a4df40eb74eb"},"description":"Val\u00e9rie-Anne Giscard D'Estaing a ouvert Galerie XII Los Angeles en 2018, retrouvez son interview avec le French District.","breadcrumb":{"@id":"https:\/\/frenchdistrict.com\/californie-sud\/articles\/interview-valerie-anne-giscard-destaing-galerie-xii-los-angeles\/#breadcrumb"},"inLanguage":"fr-FR","potentialAction":[{"@type":"ReadAction","target":["https:\/\/frenchdistrict.com\/californie-sud\/articles\/interview-valerie-anne-giscard-destaing-galerie-xii-los-angeles\/"]}]},{"@type":"ImageObject","inLanguage":"fr-FR","@id":"https:\/\/frenchdistrict.com\/californie-sud\/articles\/interview-valerie-anne-giscard-destaing-galerie-xii-los-angeles\/#primaryimage","url":"https:\/\/frenchdistrict.com\/californie-sud\/wp-content\/uploads\/sites\/5\/2019\/07\/interview-valerie-anne-giscard-destaing-galerie-xii-los-angeles-une.jpg","contentUrl":"https:\/\/frenchdistrict.com\/californie-sud\/wp-content\/uploads\/sites\/5\/2019\/07\/interview-valerie-anne-giscard-destaing-galerie-xii-los-angeles-une.jpg","width":900,"height":616,"caption":"interview-valerie-anne-giscard-destaing-galerie-xii-los-angeles-une"},{"@type":"BreadcrumbList","@id":"https:\/\/frenchdistrict.com\/californie-sud\/articles\/interview-valerie-anne-giscard-destaing-galerie-xii-los-angeles\/#breadcrumb","itemListElement":[{"@type":"ListItem","position":1,"name":"Californie Sud","item":"https:\/\/frenchdistrict.com\/californie-sud\/"},{"@type":"ListItem","position":2,"name":"Interviews","item":"https:\/\/frenchdistrict.com\/californie-sud\/french-district-connection\/"},{"@type":"ListItem","position":3,"name":"Une ouverture sur l\u2019art asiatique et europ\u00e9en"}]},{"@type":"WebSite","@id":"https:\/\/frenchdistrict.com\/californie-sud\/#website","url":"https:\/\/frenchdistrict.com\/californie-sud\/","name":"Californie Sud","description":"Le meilleur de la &lt;span&gt;Californie du Sud&lt;\/span&gt; par ceux qui y vivent","potentialAction":[{"@type":"SearchAction","target":{"@type":"EntryPoint","urlTemplate":"https:\/\/frenchdistrict.com\/californie-sud\/?s={search_term_string}"},"query-input":{"@type":"PropertyValueSpecification","valueRequired":true,"valueName":"search_term_string"}}],"inLanguage":"fr-FR"},{"@type":"Person","@id":"https:\/\/frenchdistrict.com\/californie-sud\/#\/schema\/person\/c6f42e2f256922989bb0a4df40eb74eb","name":"alix","image":{"@type":"ImageObject","inLanguage":"fr-FR","@id":"https:\/\/frenchdistrict.com\/californie-sud\/#\/schema\/person\/image\/","url":"https:\/\/secure.gravatar.com\/avatar\/ed4ae6bf4315242728864c05b2fe8317caf14717783557659a64a08063f9c279?s=96&d=mm&r=g","contentUrl":"https:\/\/secure.gravatar.com\/avatar\/ed4ae6bf4315242728864c05b2fe8317caf14717783557659a64a08063f9c279?s=96&d=mm&r=g","caption":"alix"}}]}},"_links":{"self":[{"href":"https:\/\/frenchdistrict.com\/californie-sud\/wp-json\/wp\/v2\/posts\/66735","targetHints":{"allow":["GET"]}}],"collection":[{"href":"https:\/\/frenchdistrict.com\/californie-sud\/wp-json\/wp\/v2\/posts"}],"about":[{"href":"https:\/\/frenchdistrict.com\/californie-sud\/wp-json\/wp\/v2\/types\/post"}],"author":[{"embeddable":true,"href":"https:\/\/frenchdistrict.com\/californie-sud\/wp-json\/wp\/v2\/users\/5"}],"replies":[{"embeddable":true,"href":"https:\/\/frenchdistrict.com\/californie-sud\/wp-json\/wp\/v2\/comments?post=66735"}],"version-history":[{"count":3,"href":"https:\/\/frenchdistrict.com\/californie-sud\/wp-json\/wp\/v2\/posts\/66735\/revisions"}],"predecessor-version":[{"id":66739,"href":"https:\/\/frenchdistrict.com\/californie-sud\/wp-json\/wp\/v2\/posts\/66735\/revisions\/66739"}],"wp:featuredmedia":[{"embeddable":true,"href":"https:\/\/frenchdistrict.com\/californie-sud\/wp-json\/wp\/v2\/media\/66736"}],"wp:attachment":[{"href":"https:\/\/frenchdistrict.com\/californie-sud\/wp-json\/wp\/v2\/media?parent=66735"}],"wp:term":[{"taxonomy":"category","embeddable":true,"href":"https:\/\/frenchdistrict.com\/californie-sud\/wp-json\/wp\/v2\/categories?post=66735"},{"taxonomy":"post_tag","embeddable":true,"href":"https:\/\/frenchdistrict.com\/californie-sud\/wp-json\/wp\/v2\/tags?post=66735"}],"curies":[{"name":"wp","href":"https:\/\/api.w.org\/{rel}","templated":true}]}}