{"id":78933,"date":"2020-02-12T13:42:54","date_gmt":"2020-02-12T21:42:54","guid":{"rendered":"https:\/\/frenchdistrict.com\/californie-sud\/articles\/\/"},"modified":"2020-02-12T13:50:19","modified_gmt":"2020-02-12T21:50:19","slug":"le-salon-de-the-los-angeles-saint-valentin-menu-gourmet","status":"publish","type":"post","link":"https:\/\/frenchdistrict.com\/californie-sud\/articles\/le-salon-de-the-los-angeles-saint-valentin-menu-gourmet\/","title":{"rendered":"Menu gourmet pour amoureux passionn\u00e9s"},"content":{"rendered":"<p><strong>Le Salon de Th\u00e9 \u00e0 Los Angeles<\/strong> invite les amoureux \u00e0 c\u00e9l\u00e9brer leur <strong>Saint-Valentin<\/strong> le vendredi 14 f\u00e9vrier 2020 en d\u00e9gustant un<strong> menu fran\u00e7ais gourmand<\/strong>.<\/p>\n<h3 style=\"text-align: center\">MENU<\/h3>\n<h4 style=\"text-align: center\">Plats<\/h4>\n<p style=\"text-align: center\">Tartare de saumon marin\u00e9 au citron, aneth, \u00e9chalote et vinaigrette<br \/>\n***<br \/>\nCh\u00e8vres chaud sur lit de salade fris\u00e9e<br \/>\n***<br \/>\nSaint-Jacques grill\u00e9s et une r\u00e9duction au champagne et fondue de poireaux<\/p>\n<h4 style=\"text-align: center\">Desserts<\/h4>\n<p style=\"text-align: center\">G\u00e2teau au chocolat, fraises et macarons<\/p>\n<p style=\"text-align: left\"><span style=\"font-weight: 400\">[<\/span><b>prix<\/b><span style=\"font-weight: 400\">]<\/span> 59$ par personne. Sur r\u00e9servation uniquement \u00e0 contact@lesalondetheweho.com<br \/>\n<span style=\"font-weight: 400\">[<\/span><b>website<\/b><span style=\"font-weight: 400\">]<a href=\"https:\/\/www.lesalondetheweho.com\/contact\" target=\"_blank\" rel=\"noopener noreferrer\"> Le Salon de Th\u00e9<\/a><\/span><\/p>\n<p><img loading=\"lazy\" decoding=\"async\" class=\"aligncenter size-large wp-image-78938\" src=\"https:\/\/frenchdistrict.com\/californie-sud\/wp-content\/uploads\/sites\/5\/2020\/02\/news-salon-de-the-saint-valentin-1-1024x768.jpeg\" alt=\"\" width=\"810\" height=\"608\" srcset=\"https:\/\/frenchdistrict.com\/californie-sud\/wp-content\/uploads\/sites\/5\/2020\/02\/news-salon-de-the-saint-valentin-1-1024x768.jpeg 1024w, https:\/\/frenchdistrict.com\/californie-sud\/wp-content\/uploads\/sites\/5\/2020\/02\/news-salon-de-the-saint-valentin-1-300x225.jpeg 300w, https:\/\/frenchdistrict.com\/californie-sud\/wp-content\/uploads\/sites\/5\/2020\/02\/news-salon-de-the-saint-valentin-1-768x576.jpeg 768w, https:\/\/frenchdistrict.com\/californie-sud\/wp-content\/uploads\/sites\/5\/2020\/02\/news-salon-de-the-saint-valentin-1-1536x1152.jpeg 1536w, https:\/\/frenchdistrict.com\/californie-sud\/wp-content\/uploads\/sites\/5\/2020\/02\/news-salon-de-the-saint-valentin-1-2048x1536.jpeg 2048w, https:\/\/frenchdistrict.com\/californie-sud\/wp-content\/uploads\/sites\/5\/2020\/02\/news-salon-de-the-saint-valentin-1-810x608.jpeg 810w, https:\/\/frenchdistrict.com\/californie-sud\/wp-content\/uploads\/sites\/5\/2020\/02\/news-salon-de-the-saint-valentin-1-1140x855.jpeg 1140w\" sizes=\"auto, (max-width: 810px) 100vw, 810px\" \/><\/p>\n<p><img loading=\"lazy\" decoding=\"async\" class=\"aligncenter size-large wp-image-78935\" src=\"https:\/\/frenchdistrict.com\/californie-sud\/wp-content\/uploads\/sites\/5\/2020\/02\/salonde-banner-1-1024x511.jpg\" alt=\"\" width=\"810\" height=\"404\" srcset=\"https:\/\/frenchdistrict.com\/californie-sud\/wp-content\/uploads\/sites\/5\/2020\/02\/salonde-banner-1-1024x511.jpg 1024w, https:\/\/frenchdistrict.com\/californie-sud\/wp-content\/uploads\/sites\/5\/2020\/02\/salonde-banner-1-300x150.jpg 300w, https:\/\/frenchdistrict.com\/californie-sud\/wp-content\/uploads\/sites\/5\/2020\/02\/salonde-banner-1-768x383.jpg 768w, https:\/\/frenchdistrict.com\/californie-sud\/wp-content\/uploads\/sites\/5\/2020\/02\/salonde-banner-1-810x404.jpg 810w, https:\/\/frenchdistrict.com\/californie-sud\/wp-content\/uploads\/sites\/5\/2020\/02\/salonde-banner-1-1140x568.jpg 1140w, https:\/\/frenchdistrict.com\/californie-sud\/wp-content\/uploads\/sites\/5\/2020\/02\/salonde-banner-1.jpg 1500w\" sizes=\"auto, (max-width: 810px) 100vw, 810px\" \/><\/p>\n","protected":false},"excerpt":{"rendered":"<p>Le Salon de Th\u00e9 \u00e0 Los Angeles invite les amoureux \u00e0 c\u00e9l\u00e9brer leur Saint-Valentin le vendredi 14 f\u00e9vrier 2020 en d\u00e9gustant un menu fran\u00e7ais gourmand. MENU Plats Tartare de saumon marin\u00e9 au citron, aneth, \u00e9chalote et vinaigrette *** Ch\u00e8vres chaud sur lit de salade fris\u00e9e *** Saint-Jacques grill\u00e9s et une r\u00e9duction au champagne et fondue [&hellip;]<\/p>\n","protected":false},"author":10540,"featured_media":78934,"comment_status":"open","ping_status":"open","sticky":false,"template":"","format":"standard","meta":{"_acf_changed":false,"footnotes":""},"categories":[314],"tags":[],"class_list":["post-78933","post","type-post","status-publish","format-standard","has-post-thumbnail","hentry","category-news-evenements"],"acf":[],"yoast_head":"<!-- This site is optimized with the Yoast SEO plugin v26.4 - https:\/\/yoast.com\/wordpress\/plugins\/seo\/ -->\n<title>\u25b7 Saint-Valentin \u00e0 Le Salon de Th\u00e9 \u00e0 Los Angeles | Menu gourmet<\/title>\n<meta name=\"description\" content=\"Le Salon de Th\u00e9 \u00e0 Los Angeles invite les amoureux \u00e0 c\u00e9l\u00e9brer leur Saint-Valentin en d\u00e9gustant un menu fran\u00e7ais tr\u00e8s gourmand.\" \/>\n<meta name=\"robots\" content=\"index, follow, max-snippet:-1, max-image-preview:large, max-video-preview:-1\" \/>\n<link rel=\"canonical\" href=\"https:\/\/frenchdistrict.com\/californie-sud\/articles\/le-salon-de-the-los-angeles-saint-valentin-menu-gourmet\/\" \/>\n<meta property=\"og:locale\" content=\"fr_FR\" \/>\n<meta property=\"og:type\" content=\"article\" \/>\n<meta property=\"og:title\" content=\"\u25b7 Saint-Valentin \u00e0 Le Salon de Th\u00e9 \u00e0 Los Angeles | Menu gourmet\" \/>\n<meta property=\"og:description\" content=\"Le Salon de Th\u00e9 \u00e0 Los Angeles invite les amoureux \u00e0 c\u00e9l\u00e9brer leur Saint-Valentin en d\u00e9gustant un menu fran\u00e7ais tr\u00e8s gourmand.\" \/>\n<meta property=\"og:url\" content=\"https:\/\/frenchdistrict.com\/californie-sud\/articles\/le-salon-de-the-los-angeles-saint-valentin-menu-gourmet\/\" \/>\n<meta property=\"og:site_name\" content=\"Californie Sud\" \/>\n<meta property=\"article:publisher\" content=\"https:\/\/www.facebook.com\/frenchdistrict\" \/>\n<meta property=\"article:published_time\" content=\"2020-02-12T21:42:54+00:00\" \/>\n<meta property=\"article:modified_time\" content=\"2020-02-12T21:50:19+00:00\" \/>\n<meta property=\"og:image\" content=\"https:\/\/frenchdistrict.com\/californie-sud\/wp-content\/uploads\/sites\/5\/2020\/02\/news-salon-de-the-saint-valentin-scaled.jpeg\" \/>\n\t<meta property=\"og:image:width\" content=\"2560\" \/>\n\t<meta property=\"og:image:height\" content=\"1920\" \/>\n\t<meta property=\"og:image:type\" content=\"image\/jpeg\" \/>\n<meta name=\"author\" content=\"Marie Le Gall\" \/>\n<meta name=\"twitter:card\" content=\"summary_large_image\" \/>\n<meta name=\"twitter:creator\" content=\"@frenchdistrict\" \/>\n<meta name=\"twitter:site\" content=\"@frenchdistrict\" \/>\n<meta name=\"twitter:label1\" content=\"\u00c9crit par\" \/>\n\t<meta name=\"twitter:data1\" content=\"Marie Le Gall\" \/>\n<script type=\"application\/ld+json\" class=\"yoast-schema-graph\">{\"@context\":\"https:\/\/schema.org\",\"@graph\":[{\"@type\":\"WebPage\",\"@id\":\"https:\/\/frenchdistrict.com\/californie-sud\/articles\/le-salon-de-the-los-angeles-saint-valentin-menu-gourmet\/\",\"url\":\"https:\/\/frenchdistrict.com\/californie-sud\/articles\/le-salon-de-the-los-angeles-saint-valentin-menu-gourmet\/\",\"name\":\"\u25b7 Saint-Valentin \u00e0 Le Salon de Th\u00e9 \u00e0 Los Angeles | Menu gourmet\",\"isPartOf\":{\"@id\":\"https:\/\/frenchdistrict.com\/californie-sud\/#website\"},\"primaryImageOfPage\":{\"@id\":\"https:\/\/frenchdistrict.com\/californie-sud\/articles\/le-salon-de-the-los-angeles-saint-valentin-menu-gourmet\/#primaryimage\"},\"image\":{\"@id\":\"https:\/\/frenchdistrict.com\/californie-sud\/articles\/le-salon-de-the-los-angeles-saint-valentin-menu-gourmet\/#primaryimage\"},\"thumbnailUrl\":\"https:\/\/frenchdistrict.com\/californie-sud\/wp-content\/uploads\/sites\/5\/2020\/02\/news-salon-de-the-saint-valentin-scaled.jpeg\",\"datePublished\":\"2020-02-12T21:42:54+00:00\",\"dateModified\":\"2020-02-12T21:50:19+00:00\",\"author\":{\"@id\":\"https:\/\/frenchdistrict.com\/californie-sud\/#\/schema\/person\/899534d9b38a600901deb556b6fc6053\"},\"description\":\"Le Salon de Th\u00e9 \u00e0 Los Angeles invite les amoureux \u00e0 c\u00e9l\u00e9brer leur Saint-Valentin en d\u00e9gustant un menu fran\u00e7ais tr\u00e8s gourmand.\",\"breadcrumb\":{\"@id\":\"https:\/\/frenchdistrict.com\/californie-sud\/articles\/le-salon-de-the-los-angeles-saint-valentin-menu-gourmet\/#breadcrumb\"},\"inLanguage\":\"fr-FR\",\"potentialAction\":[{\"@type\":\"ReadAction\",\"target\":[\"https:\/\/frenchdistrict.com\/californie-sud\/articles\/le-salon-de-the-los-angeles-saint-valentin-menu-gourmet\/\"]}]},{\"@type\":\"ImageObject\",\"inLanguage\":\"fr-FR\",\"@id\":\"https:\/\/frenchdistrict.com\/californie-sud\/articles\/le-salon-de-the-los-angeles-saint-valentin-menu-gourmet\/#primaryimage\",\"url\":\"https:\/\/frenchdistrict.com\/californie-sud\/wp-content\/uploads\/sites\/5\/2020\/02\/news-salon-de-the-saint-valentin-scaled.jpeg\",\"contentUrl\":\"https:\/\/frenchdistrict.com\/californie-sud\/wp-content\/uploads\/sites\/5\/2020\/02\/news-salon-de-the-saint-valentin-scaled.jpeg\",\"width\":2560,\"height\":1920},{\"@type\":\"BreadcrumbList\",\"@id\":\"https:\/\/frenchdistrict.com\/californie-sud\/articles\/le-salon-de-the-los-angeles-saint-valentin-menu-gourmet\/#breadcrumb\",\"itemListElement\":[{\"@type\":\"ListItem\",\"position\":1,\"name\":\"Californie Sud\",\"item\":\"https:\/\/frenchdistrict.com\/californie-sud\/\"},{\"@type\":\"ListItem\",\"position\":2,\"name\":\"News\",\"item\":\"https:\/\/frenchdistrict.com\/californie-sud\/news-evenements\/\"},{\"@type\":\"ListItem\",\"position\":3,\"name\":\"Menu gourmet pour amoureux passionn\u00e9s\"}]},{\"@type\":\"WebSite\",\"@id\":\"https:\/\/frenchdistrict.com\/californie-sud\/#website\",\"url\":\"https:\/\/frenchdistrict.com\/californie-sud\/\",\"name\":\"Californie Sud\",\"description\":\"Le meilleur de la &lt;span&gt;Californie du Sud&lt;\/span&gt; par ceux qui y vivent\",\"potentialAction\":[{\"@type\":\"SearchAction\",\"target\":{\"@type\":\"EntryPoint\",\"urlTemplate\":\"https:\/\/frenchdistrict.com\/californie-sud\/?s={search_term_string}\"},\"query-input\":{\"@type\":\"PropertyValueSpecification\",\"valueRequired\":true,\"valueName\":\"search_term_string\"}}],\"inLanguage\":\"fr-FR\"},{\"@type\":\"Person\",\"@id\":\"https:\/\/frenchdistrict.com\/californie-sud\/#\/schema\/person\/899534d9b38a600901deb556b6fc6053\",\"name\":\"Marie Le Gall\",\"image\":{\"@type\":\"ImageObject\",\"inLanguage\":\"fr-FR\",\"@id\":\"https:\/\/frenchdistrict.com\/californie-sud\/#\/schema\/person\/image\/\",\"url\":\"https:\/\/secure.gravatar.com\/avatar\/f944469520ba366e05f2440d432b16781c288835b62cd348606583b497b87554?s=96&d=mm&r=g\",\"contentUrl\":\"https:\/\/secure.gravatar.com\/avatar\/f944469520ba366e05f2440d432b16781c288835b62cd348606583b497b87554?s=96&d=mm&r=g\",\"caption\":\"Marie Le Gall\"},\"sameAs\":[\"https:\/\/plus.google.com\/118038298819452310766\"]}]}<\/script>\n<!-- \/ Yoast SEO plugin. -->","yoast_head_json":{"title":"\u25b7 Saint-Valentin \u00e0 Le Salon de Th\u00e9 \u00e0 Los Angeles | Menu gourmet","description":"Le Salon de Th\u00e9 \u00e0 Los Angeles invite les amoureux \u00e0 c\u00e9l\u00e9brer leur Saint-Valentin en d\u00e9gustant un menu fran\u00e7ais tr\u00e8s gourmand.","robots":{"index":"index","follow":"follow","max-snippet":"max-snippet:-1","max-image-preview":"max-image-preview:large","max-video-preview":"max-video-preview:-1"},"canonical":"https:\/\/frenchdistrict.com\/californie-sud\/articles\/le-salon-de-the-los-angeles-saint-valentin-menu-gourmet\/","og_locale":"fr_FR","og_type":"article","og_title":"\u25b7 Saint-Valentin \u00e0 Le Salon de Th\u00e9 \u00e0 Los Angeles | Menu gourmet","og_description":"Le Salon de Th\u00e9 \u00e0 Los Angeles invite les amoureux \u00e0 c\u00e9l\u00e9brer leur Saint-Valentin en d\u00e9gustant un menu fran\u00e7ais tr\u00e8s gourmand.","og_url":"https:\/\/frenchdistrict.com\/californie-sud\/articles\/le-salon-de-the-los-angeles-saint-valentin-menu-gourmet\/","og_site_name":"Californie Sud","article_publisher":"https:\/\/www.facebook.com\/frenchdistrict","article_published_time":"2020-02-12T21:42:54+00:00","article_modified_time":"2020-02-12T21:50:19+00:00","og_image":[{"width":2560,"height":1920,"url":"https:\/\/frenchdistrict.com\/californie-sud\/wp-content\/uploads\/sites\/5\/2020\/02\/news-salon-de-the-saint-valentin-scaled.jpeg","type":"image\/jpeg"}],"author":"Marie Le Gall","twitter_card":"summary_large_image","twitter_creator":"@frenchdistrict","twitter_site":"@frenchdistrict","twitter_misc":{"\u00c9crit par":"Marie Le Gall"},"schema":{"@context":"https:\/\/schema.org","@graph":[{"@type":"WebPage","@id":"https:\/\/frenchdistrict.com\/californie-sud\/articles\/le-salon-de-the-los-angeles-saint-valentin-menu-gourmet\/","url":"https:\/\/frenchdistrict.com\/californie-sud\/articles\/le-salon-de-the-los-angeles-saint-valentin-menu-gourmet\/","name":"\u25b7 Saint-Valentin \u00e0 Le Salon de Th\u00e9 \u00e0 Los Angeles | Menu gourmet","isPartOf":{"@id":"https:\/\/frenchdistrict.com\/californie-sud\/#website"},"primaryImageOfPage":{"@id":"https:\/\/frenchdistrict.com\/californie-sud\/articles\/le-salon-de-the-los-angeles-saint-valentin-menu-gourmet\/#primaryimage"},"image":{"@id":"https:\/\/frenchdistrict.com\/californie-sud\/articles\/le-salon-de-the-los-angeles-saint-valentin-menu-gourmet\/#primaryimage"},"thumbnailUrl":"https:\/\/frenchdistrict.com\/californie-sud\/wp-content\/uploads\/sites\/5\/2020\/02\/news-salon-de-the-saint-valentin-scaled.jpeg","datePublished":"2020-02-12T21:42:54+00:00","dateModified":"2020-02-12T21:50:19+00:00","author":{"@id":"https:\/\/frenchdistrict.com\/californie-sud\/#\/schema\/person\/899534d9b38a600901deb556b6fc6053"},"description":"Le Salon de Th\u00e9 \u00e0 Los Angeles invite les amoureux \u00e0 c\u00e9l\u00e9brer leur Saint-Valentin en d\u00e9gustant un menu fran\u00e7ais tr\u00e8s gourmand.","breadcrumb":{"@id":"https:\/\/frenchdistrict.com\/californie-sud\/articles\/le-salon-de-the-los-angeles-saint-valentin-menu-gourmet\/#breadcrumb"},"inLanguage":"fr-FR","potentialAction":[{"@type":"ReadAction","target":["https:\/\/frenchdistrict.com\/californie-sud\/articles\/le-salon-de-the-los-angeles-saint-valentin-menu-gourmet\/"]}]},{"@type":"ImageObject","inLanguage":"fr-FR","@id":"https:\/\/frenchdistrict.com\/californie-sud\/articles\/le-salon-de-the-los-angeles-saint-valentin-menu-gourmet\/#primaryimage","url":"https:\/\/frenchdistrict.com\/californie-sud\/wp-content\/uploads\/sites\/5\/2020\/02\/news-salon-de-the-saint-valentin-scaled.jpeg","contentUrl":"https:\/\/frenchdistrict.com\/californie-sud\/wp-content\/uploads\/sites\/5\/2020\/02\/news-salon-de-the-saint-valentin-scaled.jpeg","width":2560,"height":1920},{"@type":"BreadcrumbList","@id":"https:\/\/frenchdistrict.com\/californie-sud\/articles\/le-salon-de-the-los-angeles-saint-valentin-menu-gourmet\/#breadcrumb","itemListElement":[{"@type":"ListItem","position":1,"name":"Californie Sud","item":"https:\/\/frenchdistrict.com\/californie-sud\/"},{"@type":"ListItem","position":2,"name":"News","item":"https:\/\/frenchdistrict.com\/californie-sud\/news-evenements\/"},{"@type":"ListItem","position":3,"name":"Menu gourmet pour amoureux passionn\u00e9s"}]},{"@type":"WebSite","@id":"https:\/\/frenchdistrict.com\/californie-sud\/#website","url":"https:\/\/frenchdistrict.com\/californie-sud\/","name":"Californie Sud","description":"Le meilleur de la &lt;span&gt;Californie du Sud&lt;\/span&gt; par ceux qui y vivent","potentialAction":[{"@type":"SearchAction","target":{"@type":"EntryPoint","urlTemplate":"https:\/\/frenchdistrict.com\/californie-sud\/?s={search_term_string}"},"query-input":{"@type":"PropertyValueSpecification","valueRequired":true,"valueName":"search_term_string"}}],"inLanguage":"fr-FR"},{"@type":"Person","@id":"https:\/\/frenchdistrict.com\/californie-sud\/#\/schema\/person\/899534d9b38a600901deb556b6fc6053","name":"Marie Le Gall","image":{"@type":"ImageObject","inLanguage":"fr-FR","@id":"https:\/\/frenchdistrict.com\/californie-sud\/#\/schema\/person\/image\/","url":"https:\/\/secure.gravatar.com\/avatar\/f944469520ba366e05f2440d432b16781c288835b62cd348606583b497b87554?s=96&d=mm&r=g","contentUrl":"https:\/\/secure.gravatar.com\/avatar\/f944469520ba366e05f2440d432b16781c288835b62cd348606583b497b87554?s=96&d=mm&r=g","caption":"Marie Le Gall"},"sameAs":["https:\/\/plus.google.com\/118038298819452310766"]}]}},"_links":{"self":[{"href":"https:\/\/frenchdistrict.com\/californie-sud\/wp-json\/wp\/v2\/posts\/78933","targetHints":{"allow":["GET"]}}],"collection":[{"href":"https:\/\/frenchdistrict.com\/californie-sud\/wp-json\/wp\/v2\/posts"}],"about":[{"href":"https:\/\/frenchdistrict.com\/californie-sud\/wp-json\/wp\/v2\/types\/post"}],"author":[{"embeddable":true,"href":"https:\/\/frenchdistrict.com\/californie-sud\/wp-json\/wp\/v2\/users\/10540"}],"replies":[{"embeddable":true,"href":"https:\/\/frenchdistrict.com\/californie-sud\/wp-json\/wp\/v2\/comments?post=78933"}],"version-history":[{"count":8,"href":"https:\/\/frenchdistrict.com\/californie-sud\/wp-json\/wp\/v2\/posts\/78933\/revisions"}],"predecessor-version":[{"id":78944,"href":"https:\/\/frenchdistrict.com\/californie-sud\/wp-json\/wp\/v2\/posts\/78933\/revisions\/78944"}],"wp:featuredmedia":[{"embeddable":true,"href":"https:\/\/frenchdistrict.com\/californie-sud\/wp-json\/wp\/v2\/media\/78934"}],"wp:attachment":[{"href":"https:\/\/frenchdistrict.com\/californie-sud\/wp-json\/wp\/v2\/media?parent=78933"}],"wp:term":[{"taxonomy":"category","embeddable":true,"href":"https:\/\/frenchdistrict.com\/californie-sud\/wp-json\/wp\/v2\/categories?post=78933"},{"taxonomy":"post_tag","embeddable":true,"href":"https:\/\/frenchdistrict.com\/californie-sud\/wp-json\/wp\/v2\/tags?post=78933"}],"curies":[{"name":"wp","href":"https:\/\/api.w.org\/{rel}","templated":true}]}}