{"id":2710,"date":"2015-09-14T00:00:00","date_gmt":"2015-09-14T05:00:00","guid":{"rendered":"https:\/\/frenchdistrict.com\/chicago\/articles\/reeling-lgbtq-film-festival\/"},"modified":"2026-09-01T10:14:46","modified_gmt":"2026-09-01T15:14:46","slug":"reeling-lgbtq-film-festival","status":"publish","type":"post","link":"https:\/\/frenchdistrict.com\/chicago\/articles\/reeling-lgbtq-film-festival\/","title":{"rendered":"Reeling, le festival du film pour tous"},"content":{"rendered":"<p>Vous \u00eates un passionn\u00e9 de cin\u00e9ma ind\u00e9pendant et amateur d&#8217;histoires vibrantes ? Pr\u00e9parez-vous, car le tr\u00e8s attendu <strong>Reeling LGBTQ+ International Film Festival<\/strong> fait son grand retour pour sa 44\u00e8me \u00e9dition (Reeling 44) \u00e0 Chicago !<\/p>\n<p><img loading=\"lazy\" decoding=\"async\" class=\"size-large wp-image-145826 aligncenter\" src=\"https:\/\/frenchdistrict.com\/chicago\/wp-content\/uploads\/sites\/7\/2015\/09\/Reelting-festival-2026-film-pour-tous-1024x206.png\" alt=\"\" width=\"810\" height=\"163\" srcset=\"https:\/\/frenchdistrict.com\/chicago\/wp-content\/uploads\/sites\/7\/2015\/09\/Reelting-festival-2026-film-pour-tous-1024x206.png 1024w, https:\/\/frenchdistrict.com\/chicago\/wp-content\/uploads\/sites\/7\/2015\/09\/Reelting-festival-2026-film-pour-tous-300x60.png 300w, https:\/\/frenchdistrict.com\/chicago\/wp-content\/uploads\/sites\/7\/2015\/09\/Reelting-festival-2026-film-pour-tous-768x154.png 768w, https:\/\/frenchdistrict.com\/chicago\/wp-content\/uploads\/sites\/7\/2015\/09\/Reelting-festival-2026-film-pour-tous-1536x309.png 1536w, https:\/\/frenchdistrict.com\/chicago\/wp-content\/uploads\/sites\/7\/2015\/09\/Reelting-festival-2026-film-pour-tous-810x163.png 810w, https:\/\/frenchdistrict.com\/chicago\/wp-content\/uploads\/sites\/7\/2015\/09\/Reelting-festival-2026-film-pour-tous-1140x229.png 1140w, https:\/\/frenchdistrict.com\/chicago\/wp-content\/uploads\/sites\/7\/2015\/09\/Reelting-festival-2026-film-pour-tous.png 1568w\" sizes=\"auto, (max-width: 810px) 100vw, 810px\" \/><\/p>\n<p>&nbsp;<\/p>\n<p>Consid\u00e9r\u00e9 comme le deuxi\u00e8me plus ancien festival de films LGBTQ+ au monde, cet \u00e9v\u00e9nement culturel est devenu une v\u00e9ritable institution locale et internationale. Cette ann\u00e9e, le festival se d\u00e9roule du <strong>17 au 27 septembre 2026<\/strong> et vous promet une immersion cin\u00e9matographique exceptionnelle, avec plus de 40 longs-m\u00e9trages et 50 courts-m\u00e9trages venus des quatre coins du globe.<\/p>\n<h2>Un programme riche, diversifi\u00e9 et engag\u00e9<\/h2>\n<p>Le film d&#8217;ouverture tr\u00e8s attendu cette ann\u00e9e est le captivant <a href=\"https:\/\/www.imdb.com\/fr\/title\/tt35511966\/\"><strong>La Bola Negra<\/strong><\/a>. Que vous ayez envie de drames poignants, de com\u00e9dies l\u00e9g\u00e8res ou de documentaires inspirants, la s\u00e9lection 2026 a \u00e9t\u00e9 m\u00e9ticuleusement pens\u00e9e pour mettre en lumi\u00e8re toute la diversit\u00e9 des r\u00e9cits queer contemporains.<\/p>\n<p><iframe loading=\"lazy\" title=\"LA BOLA NEGRA (2026) Official Trailer\uff5c Love, Desire &amp; Identity Across Generations\" width=\"810\" height=\"456\" src=\"https:\/\/www.youtube.com\/embed\/uYDhRdJUtuQ?feature=oembed&#038;enablejsapi=1&#038;origin=https:\/\/frenchdistrict.com\" frameborder=\"0\" allow=\"accelerometer; autoplay; clipboard-write; encrypted-media; gyroscope; picture-in-picture; web-share\" referrerpolicy=\"strict-origin-when-cross-origin\" allowfullscreen><\/iframe><\/p>\n<p>L&#8217;\u00e9v\u00e9nement principal se tiendra au c\u00e9l\u00e8bre Landmark&#8217;s Century Centre Cinema (2828 N Clark St), au c\u0153ur de l&#8217;effervescence du quartier de Lakeview.<\/p>\n<h2>Comment participer ?<\/h2>\n<p>Si vous souhaitez assister \u00e0 plusieurs projections, l&#8217;id\u00e9al est de souscrire \u00e0 un pass festival ou de devenir membre. Les billets individuels sont en vente au tarif accessible de 13$, mais sachez que les membres b\u00e9n\u00e9ficient d&#8217;avantages exclusifs : acc\u00e8s anticip\u00e9s, r\u00e9ductions sur les billets (notamment pour la c\u00e9l\u00e8bre soir\u00e9e d&#8217;ouverture), et surtout, des files d&#8217;attente prioritaires qui vous sauveront la mise les soirs d&#8217;affluence !<\/p>\n<p>&nbsp;<\/p>\n<p>Une mission d\u00e9licate que Reeling a su relever avec brio en projetant des films internationaux, documentaires et courts m\u00e9trages dans plusieurs salles de Chicago. Un \u00e9v\u00e9nement culturel tr\u00e8s attendu par les Chicagoans ainsi que toute la communaut\u00e9 LGBTQ+ du Midwest.<\/p>\n<div style=\"display:block;\"><h3>Infos Pratiques <\/h3><div class=\"infos-listing\" itemscope itemtype=\"https:\/\/schema.org\/Thing\"><div class=\"article-info address infos-listing__address\" style=\"padding-bottom:1em;\" itemprop=\"location\" itemscope itemtype=\"https:\/\/schema.org\/Place\"><div itemprop=\"address\" itemscope itemtype=\"https:\/\/schema.org\/PostalAddress\"><\/div>\r\n\t\t\t\t<\/div><div class=\"article-info infos-listing__contact\"><a href=\"https:\/\/reelingfilmfest.org\/\" target=\"_blank\"><i class=\"fa fa-link\" aria-hidden=\"true\"><\/i>ReelingFilmFest.org<\/a><br><\/div><div class=\"article-info infos-listing__date\">\r\n\r\n\t\t\t\t\t\t<i class=\"fa fa-calendar\" aria-hidden=\"true\"><\/i><strong>D\u00e9but<\/strong><br>jeudi 17 septembre 2026<\/br><i class=\"fa fa-calendar\" aria-hidden=\"true\"><\/i><strong>Fin<\/strong><br>dimanche 27 septembre 2026<\/div><div class=\"infos-listing__socials marg-v--base\"><a class=\"icon-facebook\" href=\"https:\/\/www.facebook.com\/reeling.filmfest\/\" title=\"Facebook\" target=\"_blank\"><i class=\"fa fa-facebook\" aria-hidden=\"true\"><\/i><\/a><a class=\"icon-twitter\" href=\"https:\/\/twitter.com\/reelingfilmfest\" target=\"_blank\" title=\"Twitter\"><i class=\"fa fa-twitter\" aria-hidden=\"true\"><\/i><\/a><a class=\"icon-instagram\" href=\"https:\/\/instagram.com\/reelingfilmfest\" target=\"_blank\" title=\"Instagram\"><i class=\"fa fa-instagram\" aria-hidden=\"true\"><\/i><\/a><\/div><\/div>\r\n\t\t<\/div>\r\n\t\t<div class=\"clear\"><\/div>\n<style>\r\n\t.infos-listing-three-columns-last {float:none;}<\/style>\r\n\t\t<div class=\"infos-listing infos-listing-three-columns\" style=\"margin:2rem 0;width: 32%;display: inline-block;float:left;\">\r\n\t\r\n\t\t\t<div class=\"article-info address infos-listing__address\" style=\"padding-bottom:0\" itemprop=\"location\" itemscope itemtype=\"https:\/\/schema.org\/Place\"><strong itemprop=\"name\"><i class=\"fa fa-map-marker\" aria-hidden=\"true\"><\/i>The Music Box Theatre<\/strong><br><div itemprop=\"address\" itemscope itemtype=\"https:\/\/schema.org\/PostalAddress\"><span itemprop=\"streetAddress\">3733 N Southport Ave<\/span><br><span itemprop=\"addressLocality\">Chicago<\/span>,<span itemprop=\"addressRegion\"> IL<\/span> <span itemprop=\"postalCode\">60613<\/span>\r\n\t\t\t\t<\/div>\r\n\t\t\t<\/div><div class=\"article-info infos-listing__contact\" style=\"margin-top:0;margin-bottom:0;font-size:inherit;\"><a href=\"tel:(773) 871-6604\" target=\"_blank\"><i class=\"fa fa-phone\" aria-hidden=\"true\"><\/i>(773) 871-6604<\/a><br><a href=\"https:\/\/www.musicboxtheatre.com\/\" target=\"_blank\"><i class=\"fa fa-link\" aria-hidden=\"true\"><\/i>MusicBoxTheatre.com<\/a><br><\/div><div class=\"infos-listing__socials\"><a class=\"icon-facebook\" href=\"https:\/\/www.facebook.com\/musicboxchicago\" title=\"Facebook\" target=\"_blank\"><i class=\"fa fa-facebook\" aria-hidden=\"true\"><\/i><\/a><a class=\"icon-twitter\" href=\"https:\/\/twitter.com\/musicboxtheatre\" target=\"_blank\" title=\"Twitter\"><i class=\"fa fa-twitter\" aria-hidden=\"true\"><\/i><\/a><a class=\"icon-instagram\" href=\"https:\/\/www.instagram.com\/musicboxchicago\" target=\"_blank\" title=\"Instagram\"><i class=\"fa fa-instagram\" aria-hidden=\"true\"><\/i><\/a><\/div><\/div><style>\r\n\t.infos-listing-three-columns-last {float:none;}<\/style>\r\n\t\t<div class=\"infos-listing infos-listing-three-columns\" style=\"margin:2rem 0;width: 32%;display: inline-block;float:left;\">\r\n\t\r\n\t\t\t<div class=\"article-info address infos-listing__address\" style=\"padding-bottom:0\" itemprop=\"location\" itemscope itemtype=\"https:\/\/schema.org\/Place\"><strong itemprop=\"name\"><i class=\"fa fa-map-marker\" aria-hidden=\"true\"><\/i>Landmark\u2019s Century Centre Cinema<\/strong><br><div itemprop=\"address\" itemscope itemtype=\"https:\/\/schema.org\/PostalAddress\"><span itemprop=\"streetAddress\">2828 N Clark St<\/span><br><span itemprop=\"addressLocality\">Chicago<\/span>,<span itemprop=\"addressRegion\"> IL<\/span> <span itemprop=\"postalCode\">60657<\/span>\r\n\t\t\t\t<\/div>\r\n\t\t\t<\/div><div class=\"article-info infos-listing__contact\" style=\"margin-top:0;margin-bottom:0;font-size:inherit;\"><a href=\"tel:(773) 248-7759\" target=\"_blank\"><i class=\"fa fa-phone\" aria-hidden=\"true\"><\/i>(773) 248-7759<\/a><br><a href=\"https:\/\/www.landmarktheatres.com\/our-locations\/x05io-landmark-century-centre-cinema-chicago\/\" target=\"_blank\"><i class=\"fa fa-link\" aria-hidden=\"true\"><\/i>LandmarkTheatres.com<\/a><br><\/div><div class=\"infos-listing__socials\"><a class=\"icon-facebook\" href=\"https:\/\/www.facebook.com\/LandmarksCenturyCentreCinema\" title=\"Facebook\" target=\"_blank\"><i class=\"fa fa-facebook\" aria-hidden=\"true\"><\/i><\/a><a class=\"icon-instagram\" href=\"https:\/\/www.instagram.com\/ltchicagoil\/\" target=\"_blank\" title=\"Instagram\"><i class=\"fa fa-instagram\" aria-hidden=\"true\"><\/i><\/a><\/div><\/div><style>\r\n\t.infos-listing-three-columns-last {float:none;}<\/style>\r\n\t\t<div class=\"infos-listing infos-listing-three-columns-last\" style=\"margin:2rem 0;width: 32%;display: inline-block;\">\r\n\t\r\n\t\t\t<div class=\"article-info address infos-listing__address\" style=\"padding-bottom:0\" itemprop=\"location\" itemscope itemtype=\"https:\/\/schema.org\/Place\"><strong itemprop=\"name\"><i class=\"fa fa-map-marker\" aria-hidden=\"true\"><\/i>Chicago Filmmakers<\/strong><br><div itemprop=\"address\" itemscope itemtype=\"https:\/\/schema.org\/PostalAddress\"><span itemprop=\"streetAddress\">1326 W Hollywood Ave<\/span><br><span itemprop=\"addressLocality\">Chicago<\/span>,<span itemprop=\"addressRegion\"> IL<\/span> <span itemprop=\"postalCode\">60660<\/span>\r\n\t\t\t\t<\/div>\r\n\t\t\t<\/div><div class=\"article-info infos-listing__contact\" style=\"margin-top:0;margin-bottom:0;font-size:inherit;\"><a href=\"tel:(773) 293-1447\" target=\"_blank\"><i class=\"fa fa-phone\" aria-hidden=\"true\"><\/i>(773) 293-1447<\/a><br><a href=\"https:\/\/chicagofilmmakers.org\/\" target=\"_blank\"><i class=\"fa fa-link\" aria-hidden=\"true\"><\/i>ChicagoFilmMakers.org<\/a><br><\/div><div class=\"infos-listing__socials\"><a class=\"icon-facebook\" href=\"https:\/\/www.facebook.com\/chi.filmmakers\" title=\"Facebook\" target=\"_blank\"><i class=\"fa fa-facebook\" aria-hidden=\"true\"><\/i><\/a><a class=\"icon-twitter\" href=\"https:\/\/twitter.com\/ChiFilmmakers\" target=\"_blank\" title=\"Twitter\"><i class=\"fa fa-twitter\" aria-hidden=\"true\"><\/i><\/a><a class=\"icon-instagram\" href=\"https:\/\/www.instagram.com\/chicagofilmmakers\/\" target=\"_blank\" title=\"Instagram\"><i class=\"fa fa-instagram\" aria-hidden=\"true\"><\/i><\/a><\/div><\/div><div style=\"clear:left;\"><\/div>\n","protected":false},"excerpt":{"rendered":"<p>Vous \u00eates un passionn\u00e9 de cin\u00e9ma ind\u00e9pendant et amateur d&#8217;histoires vibrantes ? Pr\u00e9parez-vous, car le tr\u00e8s attendu Reeling LGBTQ+ International Film Festival fait son grand retour pour sa 44\u00e8me \u00e9dition (Reeling 44) \u00e0 Chicago ! &nbsp; Consid\u00e9r\u00e9 comme le deuxi\u00e8me plus ancien festival de films LGBTQ+ au monde, cet \u00e9v\u00e9nement culturel est devenu une v\u00e9ritable [&hellip;]<\/p>\n","protected":false},"author":1,"featured_media":979,"comment_status":"closed","ping_status":"closed","sticky":false,"template":"","format":"standard","meta":{"_acf_changed":false,"footnotes":""},"categories":[232],"tags":[259,260,1353,1215],"class_list":["post-2710","post","type-post","status-publish","format-standard","has-post-thumbnail","hentry","category-news-evenements","tag-cinema","tag-festival","tag-lgbtq","tag-septembre"],"acf":[],"yoast_head":"<!-- This site is optimized with the Yoast SEO plugin v27.6 - https:\/\/yoast.com\/product\/yoast-seo-wordpress\/ -->\n<title>Le LGBTQ+ International Film Festival se d\u00e9roule \u00e0 Chicago<\/title>\n<meta name=\"description\" content=\"\u00ab The Chicago LGBTQ+ International Film Festival \u00bb, est l&#039;\u00e9v\u00e9nement international qui fait tomber les barri\u00e8res et pr\u00f4ne la diversit\u00e9 \u00e0 Chicago.\" \/>\n<meta name=\"robots\" content=\"index, follow, max-snippet:-1, max-image-preview:large, max-video-preview:-1\" \/>\n<link rel=\"canonical\" href=\"https:\/\/frenchdistrict.com\/chicago\/articles\/reeling-lgbtq-film-festival\/\" \/>\n<meta property=\"og:locale\" content=\"fr_FR\" \/>\n<meta property=\"og:type\" content=\"article\" \/>\n<meta property=\"og:title\" content=\"Le LGBTQ+ International Film Festival se d\u00e9roule \u00e0 Chicago\" \/>\n<meta property=\"og:description\" content=\"\u00ab The Chicago LGBTQ+ International Film Festival \u00bb, est l&#039;\u00e9v\u00e9nement international qui fait tomber les barri\u00e8res et pr\u00f4ne la diversit\u00e9 \u00e0 Chicago.\" \/>\n<meta property=\"og:url\" content=\"https:\/\/frenchdistrict.com\/chicago\/articles\/reeling-lgbtq-film-festival\/\" \/>\n<meta property=\"og:site_name\" content=\"Chicago Midwest\" \/>\n<meta property=\"article:publisher\" content=\"https:\/\/www.facebook.com\/frenchdistrict\" \/>\n<meta property=\"article:published_time\" content=\"2015-09-14T05:00:00+00:00\" \/>\n<meta property=\"article:modified_time\" content=\"2026-09-01T15:14:46+00:00\" \/>\n<meta property=\"og:image\" content=\"https:\/\/frenchdistrict.com\/chicago\/wp-content\/uploads\/sites\/7\/2015\/09\/reeling-lgbtq-film-festival-alaune.jpg\" \/>\n\t<meta property=\"og:image:width\" content=\"770\" \/>\n\t<meta property=\"og:image:height\" content=\"433\" \/>\n\t<meta property=\"og:image:type\" content=\"image\/jpeg\" \/>\n<meta name=\"author\" content=\"French District\" \/>\n<meta name=\"twitter:card\" content=\"summary_large_image\" \/>\n<meta name=\"twitter:creator\" content=\"@frenchdistrict\" \/>\n<meta name=\"twitter:site\" content=\"@frenchdistrict\" \/>\n<meta name=\"twitter:label1\" content=\"\u00c9crit par\" \/>\n\t<meta name=\"twitter:data1\" content=\"French District\" \/>\n\t<meta name=\"twitter:label2\" content=\"Dur\u00e9e de lecture estim\u00e9e\" \/>\n\t<meta name=\"twitter:data2\" content=\"2 minutes\" \/>\n<script type=\"application\/ld+json\" class=\"yoast-schema-graph\">{\"@context\":\"https:\\\/\\\/schema.org\",\"@graph\":[{\"@type\":\"Article\",\"@id\":\"https:\\\/\\\/frenchdistrict.com\\\/chicago\\\/articles\\\/reeling-lgbtq-film-festival\\\/#article\",\"isPartOf\":{\"@id\":\"https:\\\/\\\/frenchdistrict.com\\\/chicago\\\/articles\\\/reeling-lgbtq-film-festival\\\/\"},\"author\":{\"name\":\"French District\",\"@id\":\"https:\\\/\\\/frenchdistrict.com\\\/chicago\\\/#\\\/schema\\\/person\\\/ca7493f7cf3c0f3dd252acaa99a10010\"},\"headline\":\"Reeling, le festival du film pour tous\",\"datePublished\":\"2015-09-14T05:00:00+00:00\",\"dateModified\":\"2026-09-01T15:14:46+00:00\",\"mainEntityOfPage\":{\"@id\":\"https:\\\/\\\/frenchdistrict.com\\\/chicago\\\/articles\\\/reeling-lgbtq-film-festival\\\/\"},\"wordCount\":333,\"image\":{\"@id\":\"https:\\\/\\\/frenchdistrict.com\\\/chicago\\\/articles\\\/reeling-lgbtq-film-festival\\\/#primaryimage\"},\"thumbnailUrl\":\"https:\\\/\\\/frenchdistrict.com\\\/chicago\\\/wp-content\\\/uploads\\\/sites\\\/7\\\/2015\\\/09\\\/reeling-lgbtq-film-festival-alaune.jpg\",\"keywords\":[\"cin\u00e9ma\",\"festival\",\"LGBTQ\",\"septembre\"],\"articleSection\":[\"News\"],\"inLanguage\":\"fr-FR\"},{\"@type\":\"WebPage\",\"@id\":\"https:\\\/\\\/frenchdistrict.com\\\/chicago\\\/articles\\\/reeling-lgbtq-film-festival\\\/\",\"url\":\"https:\\\/\\\/frenchdistrict.com\\\/chicago\\\/articles\\\/reeling-lgbtq-film-festival\\\/\",\"name\":\"Le LGBTQ+ International Film Festival se d\u00e9roule \u00e0 Chicago\",\"isPartOf\":{\"@id\":\"https:\\\/\\\/frenchdistrict.com\\\/chicago\\\/#website\"},\"primaryImageOfPage\":{\"@id\":\"https:\\\/\\\/frenchdistrict.com\\\/chicago\\\/articles\\\/reeling-lgbtq-film-festival\\\/#primaryimage\"},\"image\":{\"@id\":\"https:\\\/\\\/frenchdistrict.com\\\/chicago\\\/articles\\\/reeling-lgbtq-film-festival\\\/#primaryimage\"},\"thumbnailUrl\":\"https:\\\/\\\/frenchdistrict.com\\\/chicago\\\/wp-content\\\/uploads\\\/sites\\\/7\\\/2015\\\/09\\\/reeling-lgbtq-film-festival-alaune.jpg\",\"datePublished\":\"2015-09-14T05:00:00+00:00\",\"dateModified\":\"2026-09-01T15:14:46+00:00\",\"author\":{\"@id\":\"https:\\\/\\\/frenchdistrict.com\\\/chicago\\\/#\\\/schema\\\/person\\\/ca7493f7cf3c0f3dd252acaa99a10010\"},\"description\":\"\u00ab The Chicago LGBTQ+ International Film Festival \u00bb, est l'\u00e9v\u00e9nement international qui fait tomber les barri\u00e8res et pr\u00f4ne la diversit\u00e9 \u00e0 Chicago.\",\"breadcrumb\":{\"@id\":\"https:\\\/\\\/frenchdistrict.com\\\/chicago\\\/articles\\\/reeling-lgbtq-film-festival\\\/#breadcrumb\"},\"inLanguage\":\"fr-FR\",\"potentialAction\":[{\"@type\":\"ReadAction\",\"target\":[\"https:\\\/\\\/frenchdistrict.com\\\/chicago\\\/articles\\\/reeling-lgbtq-film-festival\\\/\"]}]},{\"@type\":\"ImageObject\",\"inLanguage\":\"fr-FR\",\"@id\":\"https:\\\/\\\/frenchdistrict.com\\\/chicago\\\/articles\\\/reeling-lgbtq-film-festival\\\/#primaryimage\",\"url\":\"https:\\\/\\\/frenchdistrict.com\\\/chicago\\\/wp-content\\\/uploads\\\/sites\\\/7\\\/2015\\\/09\\\/reeling-lgbtq-film-festival-alaune.jpg\",\"contentUrl\":\"https:\\\/\\\/frenchdistrict.com\\\/chicago\\\/wp-content\\\/uploads\\\/sites\\\/7\\\/2015\\\/09\\\/reeling-lgbtq-film-festival-alaune.jpg\",\"width\":770,\"height\":433},{\"@type\":\"BreadcrumbList\",\"@id\":\"https:\\\/\\\/frenchdistrict.com\\\/chicago\\\/articles\\\/reeling-lgbtq-film-festival\\\/#breadcrumb\",\"itemListElement\":[{\"@type\":\"ListItem\",\"position\":1,\"name\":\"Chicago\",\"item\":\"https:\\\/\\\/frenchdistrict.com\\\/chicago\\\/\"},{\"@type\":\"ListItem\",\"position\":2,\"name\":\"News\",\"item\":\"https:\\\/\\\/frenchdistrict.com\\\/chicago\\\/news-evenements\\\/\"},{\"@type\":\"ListItem\",\"position\":3,\"name\":\"Reeling, le festival du film pour tous\"}]},{\"@type\":\"WebSite\",\"@id\":\"https:\\\/\\\/frenchdistrict.com\\\/chicago\\\/#website\",\"url\":\"https:\\\/\\\/frenchdistrict.com\\\/chicago\\\/\",\"name\":\"Chicago Midwest\",\"description\":\"Le meilleur de &lt;span&gt;Chicago&lt;\\\/span&gt; et du &lt;span&gt;Midwest&lt;\\\/span&gt; par ceux qui y vivent\",\"potentialAction\":[{\"@type\":\"SearchAction\",\"target\":{\"@type\":\"EntryPoint\",\"urlTemplate\":\"https:\\\/\\\/frenchdistrict.com\\\/chicago\\\/?s={search_term_string}\"},\"query-input\":{\"@type\":\"PropertyValueSpecification\",\"valueRequired\":true,\"valueName\":\"search_term_string\"}}],\"inLanguage\":\"fr-FR\"},{\"@type\":\"Person\",\"@id\":\"https:\\\/\\\/frenchdistrict.com\\\/chicago\\\/#\\\/schema\\\/person\\\/ca7493f7cf3c0f3dd252acaa99a10010\",\"name\":\"French District\",\"image\":{\"@type\":\"ImageObject\",\"inLanguage\":\"fr-FR\",\"@id\":\"https:\\\/\\\/secure.gravatar.com\\\/avatar\\\/c5d139838ee2e960f5c78553852d2c0585ef569e33b9c3febd21e71f740396f1?s=96&d=mm&r=g\",\"url\":\"https:\\\/\\\/secure.gravatar.com\\\/avatar\\\/c5d139838ee2e960f5c78553852d2c0585ef569e33b9c3febd21e71f740396f1?s=96&d=mm&r=g\",\"contentUrl\":\"https:\\\/\\\/secure.gravatar.com\\\/avatar\\\/c5d139838ee2e960f5c78553852d2c0585ef569e33b9c3febd21e71f740396f1?s=96&d=mm&r=g\",\"caption\":\"French District\"}}]}<\/script>\n<!-- \/ Yoast SEO plugin. -->","yoast_head_json":{"title":"Le LGBTQ+ International Film Festival se d\u00e9roule \u00e0 Chicago","description":"\u00ab The Chicago LGBTQ+ International Film Festival \u00bb, est l'\u00e9v\u00e9nement international qui fait tomber les barri\u00e8res et pr\u00f4ne la diversit\u00e9 \u00e0 Chicago.","robots":{"index":"index","follow":"follow","max-snippet":"max-snippet:-1","max-image-preview":"max-image-preview:large","max-video-preview":"max-video-preview:-1"},"canonical":"https:\/\/frenchdistrict.com\/chicago\/articles\/reeling-lgbtq-film-festival\/","og_locale":"fr_FR","og_type":"article","og_title":"Le LGBTQ+ International Film Festival se d\u00e9roule \u00e0 Chicago","og_description":"\u00ab The Chicago LGBTQ+ International Film Festival \u00bb, est l'\u00e9v\u00e9nement international qui fait tomber les barri\u00e8res et pr\u00f4ne la diversit\u00e9 \u00e0 Chicago.","og_url":"https:\/\/frenchdistrict.com\/chicago\/articles\/reeling-lgbtq-film-festival\/","og_site_name":"Chicago Midwest","article_publisher":"https:\/\/www.facebook.com\/frenchdistrict","article_published_time":"2015-09-14T05:00:00+00:00","article_modified_time":"2026-09-01T15:14:46+00:00","og_image":[{"width":770,"height":433,"url":"https:\/\/frenchdistrict.com\/chicago\/wp-content\/uploads\/sites\/7\/2015\/09\/reeling-lgbtq-film-festival-alaune.jpg","type":"image\/jpeg"}],"author":"French District","twitter_card":"summary_large_image","twitter_creator":"@frenchdistrict","twitter_site":"@frenchdistrict","twitter_misc":{"\u00c9crit par":"French District","Dur\u00e9e de lecture estim\u00e9e":"2 minutes"},"schema":{"@context":"https:\/\/schema.org","@graph":[{"@type":"Article","@id":"https:\/\/frenchdistrict.com\/chicago\/articles\/reeling-lgbtq-film-festival\/#article","isPartOf":{"@id":"https:\/\/frenchdistrict.com\/chicago\/articles\/reeling-lgbtq-film-festival\/"},"author":{"name":"French District","@id":"https:\/\/frenchdistrict.com\/chicago\/#\/schema\/person\/ca7493f7cf3c0f3dd252acaa99a10010"},"headline":"Reeling, le festival du film pour tous","datePublished":"2015-09-14T05:00:00+00:00","dateModified":"2026-09-01T15:14:46+00:00","mainEntityOfPage":{"@id":"https:\/\/frenchdistrict.com\/chicago\/articles\/reeling-lgbtq-film-festival\/"},"wordCount":333,"image":{"@id":"https:\/\/frenchdistrict.com\/chicago\/articles\/reeling-lgbtq-film-festival\/#primaryimage"},"thumbnailUrl":"https:\/\/frenchdistrict.com\/chicago\/wp-content\/uploads\/sites\/7\/2015\/09\/reeling-lgbtq-film-festival-alaune.jpg","keywords":["cin\u00e9ma","festival","LGBTQ","septembre"],"articleSection":["News"],"inLanguage":"fr-FR"},{"@type":"WebPage","@id":"https:\/\/frenchdistrict.com\/chicago\/articles\/reeling-lgbtq-film-festival\/","url":"https:\/\/frenchdistrict.com\/chicago\/articles\/reeling-lgbtq-film-festival\/","name":"Le LGBTQ+ International Film Festival se d\u00e9roule \u00e0 Chicago","isPartOf":{"@id":"https:\/\/frenchdistrict.com\/chicago\/#website"},"primaryImageOfPage":{"@id":"https:\/\/frenchdistrict.com\/chicago\/articles\/reeling-lgbtq-film-festival\/#primaryimage"},"image":{"@id":"https:\/\/frenchdistrict.com\/chicago\/articles\/reeling-lgbtq-film-festival\/#primaryimage"},"thumbnailUrl":"https:\/\/frenchdistrict.com\/chicago\/wp-content\/uploads\/sites\/7\/2015\/09\/reeling-lgbtq-film-festival-alaune.jpg","datePublished":"2015-09-14T05:00:00+00:00","dateModified":"2026-09-01T15:14:46+00:00","author":{"@id":"https:\/\/frenchdistrict.com\/chicago\/#\/schema\/person\/ca7493f7cf3c0f3dd252acaa99a10010"},"description":"\u00ab The Chicago LGBTQ+ International Film Festival \u00bb, est l'\u00e9v\u00e9nement international qui fait tomber les barri\u00e8res et pr\u00f4ne la diversit\u00e9 \u00e0 Chicago.","breadcrumb":{"@id":"https:\/\/frenchdistrict.com\/chicago\/articles\/reeling-lgbtq-film-festival\/#breadcrumb"},"inLanguage":"fr-FR","potentialAction":[{"@type":"ReadAction","target":["https:\/\/frenchdistrict.com\/chicago\/articles\/reeling-lgbtq-film-festival\/"]}]},{"@type":"ImageObject","inLanguage":"fr-FR","@id":"https:\/\/frenchdistrict.com\/chicago\/articles\/reeling-lgbtq-film-festival\/#primaryimage","url":"https:\/\/frenchdistrict.com\/chicago\/wp-content\/uploads\/sites\/7\/2015\/09\/reeling-lgbtq-film-festival-alaune.jpg","contentUrl":"https:\/\/frenchdistrict.com\/chicago\/wp-content\/uploads\/sites\/7\/2015\/09\/reeling-lgbtq-film-festival-alaune.jpg","width":770,"height":433},{"@type":"BreadcrumbList","@id":"https:\/\/frenchdistrict.com\/chicago\/articles\/reeling-lgbtq-film-festival\/#breadcrumb","itemListElement":[{"@type":"ListItem","position":1,"name":"Chicago","item":"https:\/\/frenchdistrict.com\/chicago\/"},{"@type":"ListItem","position":2,"name":"News","item":"https:\/\/frenchdistrict.com\/chicago\/news-evenements\/"},{"@type":"ListItem","position":3,"name":"Reeling, le festival du film pour tous"}]},{"@type":"WebSite","@id":"https:\/\/frenchdistrict.com\/chicago\/#website","url":"https:\/\/frenchdistrict.com\/chicago\/","name":"Chicago Midwest","description":"Le meilleur de &lt;span&gt;Chicago&lt;\/span&gt; et du &lt;span&gt;Midwest&lt;\/span&gt; par ceux qui y vivent","potentialAction":[{"@type":"SearchAction","target":{"@type":"EntryPoint","urlTemplate":"https:\/\/frenchdistrict.com\/chicago\/?s={search_term_string}"},"query-input":{"@type":"PropertyValueSpecification","valueRequired":true,"valueName":"search_term_string"}}],"inLanguage":"fr-FR"},{"@type":"Person","@id":"https:\/\/frenchdistrict.com\/chicago\/#\/schema\/person\/ca7493f7cf3c0f3dd252acaa99a10010","name":"French District","image":{"@type":"ImageObject","inLanguage":"fr-FR","@id":"https:\/\/secure.gravatar.com\/avatar\/c5d139838ee2e960f5c78553852d2c0585ef569e33b9c3febd21e71f740396f1?s=96&d=mm&r=g","url":"https:\/\/secure.gravatar.com\/avatar\/c5d139838ee2e960f5c78553852d2c0585ef569e33b9c3febd21e71f740396f1?s=96&d=mm&r=g","contentUrl":"https:\/\/secure.gravatar.com\/avatar\/c5d139838ee2e960f5c78553852d2c0585ef569e33b9c3febd21e71f740396f1?s=96&d=mm&r=g","caption":"French District"}}]}},"_links":{"self":[{"href":"https:\/\/frenchdistrict.com\/chicago\/wp-json\/wp\/v2\/posts\/2710","targetHints":{"allow":["GET"]}}],"collection":[{"href":"https:\/\/frenchdistrict.com\/chicago\/wp-json\/wp\/v2\/posts"}],"about":[{"href":"https:\/\/frenchdistrict.com\/chicago\/wp-json\/wp\/v2\/types\/post"}],"author":[{"embeddable":true,"href":"https:\/\/frenchdistrict.com\/chicago\/wp-json\/wp\/v2\/users\/1"}],"replies":[{"embeddable":true,"href":"https:\/\/frenchdistrict.com\/chicago\/wp-json\/wp\/v2\/comments?post=2710"}],"version-history":[{"count":21,"href":"https:\/\/frenchdistrict.com\/chicago\/wp-json\/wp\/v2\/posts\/2710\/revisions"}],"predecessor-version":[{"id":145830,"href":"https:\/\/frenchdistrict.com\/chicago\/wp-json\/wp\/v2\/posts\/2710\/revisions\/145830"}],"wp:featuredmedia":[{"embeddable":true,"href":"https:\/\/frenchdistrict.com\/chicago\/wp-json\/wp\/v2\/media\/979"}],"wp:attachment":[{"href":"https:\/\/frenchdistrict.com\/chicago\/wp-json\/wp\/v2\/media?parent=2710"}],"wp:term":[{"taxonomy":"category","embeddable":true,"href":"https:\/\/frenchdistrict.com\/chicago\/wp-json\/wp\/v2\/categories?post=2710"},{"taxonomy":"post_tag","embeddable":true,"href":"https:\/\/frenchdistrict.com\/chicago\/wp-json\/wp\/v2\/tags?post=2710"}],"curies":[{"name":"wp","href":"https:\/\/api.w.org\/{rel}","templated":true}]}}