{"id":150167,"date":"2024-08-31T16:27:11","date_gmt":"2024-08-31T20:27:11","guid":{"rendered":"https:\/\/frenchdistrict.com\/new-york\/articles\/\/"},"modified":"2024-09-10T04:57:07","modified_gmt":"2024-09-10T08:57:07","slug":"statue-de-la-liberte-reportage","status":"publish","type":"post","link":"https:\/\/frenchdistrict.com\/new-york\/articles\/statue-de-la-liberte-reportage\/","title":{"rendered":"Pourquoi la France a-t-elle construit la Statue de la Libert\u00e9 ?"},"content":{"rendered":"<p>Arthur Genre, un journaliste fran\u00e7ais aux \u00c9tats-Unis, passionn\u00e9 par l\u2019Am\u00e9rique, propose son regard, pertinent, document\u00e9, intelligent.<\/p>\n<p>Ce reportage a \u00e9t\u00e9 tourn\u00e9 en ao\u00fbt 2024.<\/p>\n<p><iframe loading=\"lazy\" title=\"Pourquoi la France a construit la Statue de la Libert\u00e9 (reportage)\" width=\"810\" height=\"456\" src=\"https:\/\/www.youtube.com\/embed\/0TJvvQoRrfo?feature=oembed&#038;enablejsapi=1&#038;origin=https:\/\/frenchdistrict.com\" frameborder=\"0\" allow=\"accelerometer; autoplay; clipboard-write; encrypted-media; gyroscope; picture-in-picture; web-share\" referrerpolicy=\"strict-origin-when-cross-origin\" allowfullscreen><\/iframe><\/p>\n","protected":false},"excerpt":{"rendered":"<p>Arthur Genre, un journaliste fran\u00e7ais aux \u00c9tats-Unis, passionn\u00e9 par l\u2019Am\u00e9rique, propose son regard, pertinent, document\u00e9, intelligent. Ce reportage a \u00e9t\u00e9 tourn\u00e9 en ao\u00fbt 2024.<\/p>\n","protected":false},"author":6,"featured_media":150168,"comment_status":"open","ping_status":"open","sticky":false,"template":"","format":"standard","meta":{"_acf_changed":false,"footnotes":""},"categories":[1906,124],"tags":[2281,228,252],"class_list":["post-150167","post","type-post","status-publish","format-standard","has-post-thumbnail","hentry","category-culture-etats-unis","category-french-district-tv","tag-a-visiter","tag-new-york","tag-statue-de-la-liberte"],"acf":[],"yoast_head":"<!-- This site is optimized with the Yoast SEO plugin v26.4 - https:\/\/yoast.com\/wordpress\/plugins\/seo\/ -->\n<title>Pourquoi la France a construit la Statue de la Libert\u00e9<\/title>\n<meta name=\"description\" content=\"Voici l&#039;histoire du r\u00eave impossible d&#039;un Alsacien ambitieux, qui a cr\u00e9\u00e9 une ic\u00f4ne de d\u00e9mocratie et de libert\u00e9 destin\u00e9 \u00e0 ses voisins am\u00e9ricains.\" \/>\n<meta name=\"robots\" content=\"index, follow, max-snippet:-1, max-image-preview:large, max-video-preview:-1\" \/>\n<link rel=\"canonical\" href=\"https:\/\/frenchdistrict.com\/new-york\/articles\/statue-de-la-liberte-reportage\/\" \/>\n<meta property=\"og:locale\" content=\"fr_FR\" \/>\n<meta property=\"og:type\" content=\"article\" \/>\n<meta property=\"og:title\" content=\"Pourquoi la France a construit la Statue de la Libert\u00e9\" \/>\n<meta property=\"og:description\" content=\"Voici l&#039;histoire du r\u00eave impossible d&#039;un Alsacien ambitieux, qui a cr\u00e9\u00e9 une ic\u00f4ne de d\u00e9mocratie et de libert\u00e9 destin\u00e9 \u00e0 ses voisins am\u00e9ricains.\" \/>\n<meta property=\"og:url\" content=\"https:\/\/frenchdistrict.com\/new-york\/articles\/statue-de-la-liberte-reportage\/\" \/>\n<meta property=\"og:site_name\" content=\"New York\" \/>\n<meta property=\"article:publisher\" content=\"https:\/\/www.facebook.com\/frenchdistrict\" \/>\n<meta property=\"article:published_time\" content=\"2024-08-31T20:27:11+00:00\" \/>\n<meta property=\"article:modified_time\" content=\"2024-09-10T08:57:07+00:00\" \/>\n<meta property=\"og:image\" content=\"https:\/\/frenchdistrict.com\/new-york\/wp-content\/uploads\/sites\/3\/2024\/08\/statue-de-la-liberte-new-york.png\" \/>\n\t<meta property=\"og:image:width\" content=\"1188\" \/>\n\t<meta property=\"og:image:height\" content=\"813\" \/>\n\t<meta property=\"og:image:type\" content=\"image\/png\" \/>\n<meta name=\"author\" content=\"romain\" \/>\n<meta name=\"twitter:card\" content=\"summary_large_image\" \/>\n<meta name=\"twitter:creator\" content=\"@frenchdistrict\" \/>\n<meta name=\"twitter:site\" content=\"@frenchdistrict\" \/>\n<meta name=\"twitter:label1\" content=\"\u00c9crit par\" \/>\n\t<meta name=\"twitter:data1\" content=\"romain\" \/>\n<script type=\"application\/ld+json\" class=\"yoast-schema-graph\">{\"@context\":\"https:\/\/schema.org\",\"@graph\":[{\"@type\":\"WebPage\",\"@id\":\"https:\/\/frenchdistrict.com\/new-york\/articles\/statue-de-la-liberte-reportage\/\",\"url\":\"https:\/\/frenchdistrict.com\/new-york\/articles\/statue-de-la-liberte-reportage\/\",\"name\":\"Pourquoi la France a construit la Statue de la Libert\u00e9\",\"isPartOf\":{\"@id\":\"https:\/\/frenchdistrict.com\/new-york\/#website\"},\"primaryImageOfPage\":{\"@id\":\"https:\/\/frenchdistrict.com\/new-york\/articles\/statue-de-la-liberte-reportage\/#primaryimage\"},\"image\":{\"@id\":\"https:\/\/frenchdistrict.com\/new-york\/articles\/statue-de-la-liberte-reportage\/#primaryimage\"},\"thumbnailUrl\":\"https:\/\/frenchdistrict.com\/new-york\/wp-content\/uploads\/sites\/3\/2024\/08\/statue-de-la-liberte-new-york.png\",\"datePublished\":\"2024-08-31T20:27:11+00:00\",\"dateModified\":\"2024-09-10T08:57:07+00:00\",\"author\":{\"@id\":\"https:\/\/frenchdistrict.com\/new-york\/#\/schema\/person\/bddff6bdb0bfd71595d2642660455857\"},\"description\":\"Voici l'histoire du r\u00eave impossible d'un Alsacien ambitieux, qui a cr\u00e9\u00e9 une ic\u00f4ne de d\u00e9mocratie et de libert\u00e9 destin\u00e9 \u00e0 ses voisins am\u00e9ricains.\",\"breadcrumb\":{\"@id\":\"https:\/\/frenchdistrict.com\/new-york\/articles\/statue-de-la-liberte-reportage\/#breadcrumb\"},\"inLanguage\":\"fr-FR\",\"potentialAction\":[{\"@type\":\"ReadAction\",\"target\":[\"https:\/\/frenchdistrict.com\/new-york\/articles\/statue-de-la-liberte-reportage\/\"]}]},{\"@type\":\"ImageObject\",\"inLanguage\":\"fr-FR\",\"@id\":\"https:\/\/frenchdistrict.com\/new-york\/articles\/statue-de-la-liberte-reportage\/#primaryimage\",\"url\":\"https:\/\/frenchdistrict.com\/new-york\/wp-content\/uploads\/sites\/3\/2024\/08\/statue-de-la-liberte-new-york.png\",\"contentUrl\":\"https:\/\/frenchdistrict.com\/new-york\/wp-content\/uploads\/sites\/3\/2024\/08\/statue-de-la-liberte-new-york.png\",\"width\":1188,\"height\":813},{\"@type\":\"BreadcrumbList\",\"@id\":\"https:\/\/frenchdistrict.com\/new-york\/articles\/statue-de-la-liberte-reportage\/#breadcrumb\",\"itemListElement\":[{\"@type\":\"ListItem\",\"position\":1,\"name\":\"New York\",\"item\":\"https:\/\/frenchdistrict.com\/new-york\/\"},{\"@type\":\"ListItem\",\"position\":2,\"name\":\"Culture\",\"item\":\"https:\/\/frenchdistrict.com\/new-york\/culture-etats-unis\/\"},{\"@type\":\"ListItem\",\"position\":3,\"name\":\"Pourquoi la France a-t-elle construit la Statue de la Libert\u00e9 ?\"}]},{\"@type\":\"WebSite\",\"@id\":\"https:\/\/frenchdistrict.com\/new-york\/#website\",\"url\":\"https:\/\/frenchdistrict.com\/new-york\/\",\"name\":\"New York\",\"description\":\"Le meilleur de  &lt;span&gt;New York&lt;\/span&gt; par ceux qui y vivent\",\"potentialAction\":[{\"@type\":\"SearchAction\",\"target\":{\"@type\":\"EntryPoint\",\"urlTemplate\":\"https:\/\/frenchdistrict.com\/new-york\/?s={search_term_string}\"},\"query-input\":{\"@type\":\"PropertyValueSpecification\",\"valueRequired\":true,\"valueName\":\"search_term_string\"}}],\"inLanguage\":\"fr-FR\"},{\"@type\":\"Person\",\"@id\":\"https:\/\/frenchdistrict.com\/new-york\/#\/schema\/person\/bddff6bdb0bfd71595d2642660455857\",\"name\":\"romain\",\"image\":{\"@type\":\"ImageObject\",\"inLanguage\":\"fr-FR\",\"@id\":\"https:\/\/frenchdistrict.com\/new-york\/#\/schema\/person\/image\/\",\"url\":\"https:\/\/secure.gravatar.com\/avatar\/d8f87e2b27e2bdf4a36704a76606b3690e140c7ea52e585d034c2b1b1e1f7f02?s=96&d=mm&r=g\",\"contentUrl\":\"https:\/\/secure.gravatar.com\/avatar\/d8f87e2b27e2bdf4a36704a76606b3690e140c7ea52e585d034c2b1b1e1f7f02?s=96&d=mm&r=g\",\"caption\":\"romain\"},\"sameAs\":[\"(305) 457-0208\"]}]}<\/script>\n<!-- \/ Yoast SEO plugin. -->","yoast_head_json":{"title":"Pourquoi la France a construit la Statue de la Libert\u00e9","description":"Voici l'histoire du r\u00eave impossible d'un Alsacien ambitieux, qui a cr\u00e9\u00e9 une ic\u00f4ne de d\u00e9mocratie et de libert\u00e9 destin\u00e9 \u00e0 ses voisins am\u00e9ricains.","robots":{"index":"index","follow":"follow","max-snippet":"max-snippet:-1","max-image-preview":"max-image-preview:large","max-video-preview":"max-video-preview:-1"},"canonical":"https:\/\/frenchdistrict.com\/new-york\/articles\/statue-de-la-liberte-reportage\/","og_locale":"fr_FR","og_type":"article","og_title":"Pourquoi la France a construit la Statue de la Libert\u00e9","og_description":"Voici l'histoire du r\u00eave impossible d'un Alsacien ambitieux, qui a cr\u00e9\u00e9 une ic\u00f4ne de d\u00e9mocratie et de libert\u00e9 destin\u00e9 \u00e0 ses voisins am\u00e9ricains.","og_url":"https:\/\/frenchdistrict.com\/new-york\/articles\/statue-de-la-liberte-reportage\/","og_site_name":"New York","article_publisher":"https:\/\/www.facebook.com\/frenchdistrict","article_published_time":"2024-08-31T20:27:11+00:00","article_modified_time":"2024-09-10T08:57:07+00:00","og_image":[{"width":1188,"height":813,"url":"https:\/\/frenchdistrict.com\/new-york\/wp-content\/uploads\/sites\/3\/2024\/08\/statue-de-la-liberte-new-york.png","type":"image\/png"}],"author":"romain","twitter_card":"summary_large_image","twitter_creator":"@frenchdistrict","twitter_site":"@frenchdistrict","twitter_misc":{"\u00c9crit par":"romain"},"schema":{"@context":"https:\/\/schema.org","@graph":[{"@type":"WebPage","@id":"https:\/\/frenchdistrict.com\/new-york\/articles\/statue-de-la-liberte-reportage\/","url":"https:\/\/frenchdistrict.com\/new-york\/articles\/statue-de-la-liberte-reportage\/","name":"Pourquoi la France a construit la Statue de la Libert\u00e9","isPartOf":{"@id":"https:\/\/frenchdistrict.com\/new-york\/#website"},"primaryImageOfPage":{"@id":"https:\/\/frenchdistrict.com\/new-york\/articles\/statue-de-la-liberte-reportage\/#primaryimage"},"image":{"@id":"https:\/\/frenchdistrict.com\/new-york\/articles\/statue-de-la-liberte-reportage\/#primaryimage"},"thumbnailUrl":"https:\/\/frenchdistrict.com\/new-york\/wp-content\/uploads\/sites\/3\/2024\/08\/statue-de-la-liberte-new-york.png","datePublished":"2024-08-31T20:27:11+00:00","dateModified":"2024-09-10T08:57:07+00:00","author":{"@id":"https:\/\/frenchdistrict.com\/new-york\/#\/schema\/person\/bddff6bdb0bfd71595d2642660455857"},"description":"Voici l'histoire du r\u00eave impossible d'un Alsacien ambitieux, qui a cr\u00e9\u00e9 une ic\u00f4ne de d\u00e9mocratie et de libert\u00e9 destin\u00e9 \u00e0 ses voisins am\u00e9ricains.","breadcrumb":{"@id":"https:\/\/frenchdistrict.com\/new-york\/articles\/statue-de-la-liberte-reportage\/#breadcrumb"},"inLanguage":"fr-FR","potentialAction":[{"@type":"ReadAction","target":["https:\/\/frenchdistrict.com\/new-york\/articles\/statue-de-la-liberte-reportage\/"]}]},{"@type":"ImageObject","inLanguage":"fr-FR","@id":"https:\/\/frenchdistrict.com\/new-york\/articles\/statue-de-la-liberte-reportage\/#primaryimage","url":"https:\/\/frenchdistrict.com\/new-york\/wp-content\/uploads\/sites\/3\/2024\/08\/statue-de-la-liberte-new-york.png","contentUrl":"https:\/\/frenchdistrict.com\/new-york\/wp-content\/uploads\/sites\/3\/2024\/08\/statue-de-la-liberte-new-york.png","width":1188,"height":813},{"@type":"BreadcrumbList","@id":"https:\/\/frenchdistrict.com\/new-york\/articles\/statue-de-la-liberte-reportage\/#breadcrumb","itemListElement":[{"@type":"ListItem","position":1,"name":"New York","item":"https:\/\/frenchdistrict.com\/new-york\/"},{"@type":"ListItem","position":2,"name":"Culture","item":"https:\/\/frenchdistrict.com\/new-york\/culture-etats-unis\/"},{"@type":"ListItem","position":3,"name":"Pourquoi la France a-t-elle construit la Statue de la Libert\u00e9 ?"}]},{"@type":"WebSite","@id":"https:\/\/frenchdistrict.com\/new-york\/#website","url":"https:\/\/frenchdistrict.com\/new-york\/","name":"New York","description":"Le meilleur de  &lt;span&gt;New York&lt;\/span&gt; par ceux qui y vivent","potentialAction":[{"@type":"SearchAction","target":{"@type":"EntryPoint","urlTemplate":"https:\/\/frenchdistrict.com\/new-york\/?s={search_term_string}"},"query-input":{"@type":"PropertyValueSpecification","valueRequired":true,"valueName":"search_term_string"}}],"inLanguage":"fr-FR"},{"@type":"Person","@id":"https:\/\/frenchdistrict.com\/new-york\/#\/schema\/person\/bddff6bdb0bfd71595d2642660455857","name":"romain","image":{"@type":"ImageObject","inLanguage":"fr-FR","@id":"https:\/\/frenchdistrict.com\/new-york\/#\/schema\/person\/image\/","url":"https:\/\/secure.gravatar.com\/avatar\/d8f87e2b27e2bdf4a36704a76606b3690e140c7ea52e585d034c2b1b1e1f7f02?s=96&d=mm&r=g","contentUrl":"https:\/\/secure.gravatar.com\/avatar\/d8f87e2b27e2bdf4a36704a76606b3690e140c7ea52e585d034c2b1b1e1f7f02?s=96&d=mm&r=g","caption":"romain"},"sameAs":["(305) 457-0208"]}]}},"_links":{"self":[{"href":"https:\/\/frenchdistrict.com\/new-york\/wp-json\/wp\/v2\/posts\/150167","targetHints":{"allow":["GET"]}}],"collection":[{"href":"https:\/\/frenchdistrict.com\/new-york\/wp-json\/wp\/v2\/posts"}],"about":[{"href":"https:\/\/frenchdistrict.com\/new-york\/wp-json\/wp\/v2\/types\/post"}],"author":[{"embeddable":true,"href":"https:\/\/frenchdistrict.com\/new-york\/wp-json\/wp\/v2\/users\/6"}],"replies":[{"embeddable":true,"href":"https:\/\/frenchdistrict.com\/new-york\/wp-json\/wp\/v2\/comments?post=150167"}],"version-history":[{"count":1,"href":"https:\/\/frenchdistrict.com\/new-york\/wp-json\/wp\/v2\/posts\/150167\/revisions"}],"predecessor-version":[{"id":150169,"href":"https:\/\/frenchdistrict.com\/new-york\/wp-json\/wp\/v2\/posts\/150167\/revisions\/150169"}],"wp:featuredmedia":[{"embeddable":true,"href":"https:\/\/frenchdistrict.com\/new-york\/wp-json\/wp\/v2\/media\/150168"}],"wp:attachment":[{"href":"https:\/\/frenchdistrict.com\/new-york\/wp-json\/wp\/v2\/media?parent=150167"}],"wp:term":[{"taxonomy":"category","embeddable":true,"href":"https:\/\/frenchdistrict.com\/new-york\/wp-json\/wp\/v2\/categories?post=150167"},{"taxonomy":"post_tag","embeddable":true,"href":"https:\/\/frenchdistrict.com\/new-york\/wp-json\/wp\/v2\/tags?post=150167"}],"curies":[{"name":"wp","href":"https:\/\/api.w.org\/{rel}","templated":true}]}}