{"id":15046,"date":"2014-08-15T00:00:00","date_gmt":"2014-08-15T04:00:00","guid":{"rendered":"https:\/\/frenchdistrict.com\/new-york\/articles\/festival-art-musique-livre-manhattan-brooklyn\/"},"modified":"2025-09-07T15:47:20","modified_gmt":"2025-09-07T19:47:20","slug":"festival-art-musique-livre-manhattan-brooklyn","status":"publish","type":"post","link":"https:\/\/frenchdistrict.com\/new-york\/articles\/festival-art-musique-livre-manhattan-brooklyn\/","title":{"rendered":"Commencer la rentr\u00e9e du bon pied"},"content":{"rendered":"<h2>West Indian American Day Carnival<\/h2>\n<p><strong>\u25b7 C\u2019est quoi ?\u00a0<\/strong>Dans les ann\u00e9es 20, les immigrants de Trinidad et Tobago et d\u2019autres \u00eeles des Cara\u00efbes ont commenc\u00e9 \u00e0 c\u00e9l\u00e9brer leur carnaval dans diff\u00e9rents quartiers d\u2019Harlem. Vers le milieu des ann\u00e9es 40, un premier<strong> festival de rue<\/strong> a \u00e9t\u00e9 organis\u00e9 le jour de Labor Day, et c\u2019est rest\u00e9 une tradition depuis.<\/p>\n<p>Ce festival s&#8217;articule\u00a0chaque ann\u00e9e sur un th\u00e8me diff\u00e9rent (Hommage \u00e0 Bob Marley, Samba Brazil\u2026). Le West Indian American Day Carnival est l\u2019un des plus color\u00e9s et attire tous les ans des milliers de curieux, qui viennent admirer les chars et go\u00fbter \u00e0 la cuisine carib\u00e9enne.<\/p>\n<p><strong>\u25b7 C\u2019est quand ? <\/strong>Tous les ans le jour du Labor Day (le premier jour de septembre) ; le <strong>Festival<\/strong> est d\u2019ailleurs aussi appel\u00e9 Labor Day Carnival. <a href=\"http:\/\/wiadcacarnival.org\/\" target=\"_blank\" rel=\"noopener\">Consultez le site pour les dates exactes<\/a>.<\/p>\n<p><strong>\u25b7 C\u2019est o\u00f9 ?<\/strong><\/p>\n<div id=\"attachment_148101\" style=\"width: 1010px\" class=\"wp-caption alignnone\"><a style=\"font-weight: bold;\" href=\"https:\/\/frenchdistrict.com\/new-york\/wp-content\/uploads\/sites\/3\/2014\/08\/west-indian-american-day-carnival-association-2008.jpg\"><img loading=\"lazy\" decoding=\"async\" aria-describedby=\"caption-attachment-148101\" class=\"wp-image-148101 size-full\" src=\"https:\/\/frenchdistrict.com\/new-york\/wp-content\/uploads\/sites\/3\/2014\/08\/west-indian-american-day-carnival-association-2008.jpg\" alt=\"La parade en 2008 devant le Brooklyn Museum sur Eastern Parkway\" width=\"1000\" height=\"750\" srcset=\"https:\/\/frenchdistrict.com\/new-york\/wp-content\/uploads\/sites\/3\/2014\/08\/west-indian-american-day-carnival-association-2008.jpg 1000w, https:\/\/frenchdistrict.com\/new-york\/wp-content\/uploads\/sites\/3\/2014\/08\/west-indian-american-day-carnival-association-2008-300x225.jpg 300w, https:\/\/frenchdistrict.com\/new-york\/wp-content\/uploads\/sites\/3\/2014\/08\/west-indian-american-day-carnival-association-2008-768x576.jpg 768w, https:\/\/frenchdistrict.com\/new-york\/wp-content\/uploads\/sites\/3\/2014\/08\/west-indian-american-day-carnival-association-2008-810x608.jpg 810w\" sizes=\"auto, (max-width: 1000px) 100vw, 1000px\" \/><\/a><p id=\"caption-attachment-148101\" class=\"wp-caption-text\">La parade devant le Brooklyn Museum sur Eastern Parkway. <span style=\"font-size: 12px; font-style: italic;\">Cr\u00e9dit photo : <a style=\"color: #3d5185; text-decoration: none;\" href=\"https:\/\/en.wikipedia.org\/wiki\/File:West_Indian_Day_Parade_2008.jpg\" target=\"_blank\" rel=\"noopener\">Fordmadoxfraud<\/a> (<a style=\"color: #3d5185; text-decoration: none;\" href=\"https:\/\/creativecommons.org\/licenses\/by-sa\/3.0\/deed.en\" target=\"_blank\" rel=\"noopener\">CC BY-SA 3.0<\/a>)<\/span><\/p><\/div>\n<style>\r\n\t.infos-listing-three-columns-last {float:none;}<\/style>\r\n\t\t<div class=\"infos-listing\" style=\"margin:2rem 0;\">\r\n\t\r\n\t\t\t<div class=\"article-info address infos-listing__address\" style=\"padding-bottom:0\" itemprop=\"location\" itemscope itemtype=\"https:\/\/schema.org\/Place\"><strong itemprop=\"name\"><i class=\"fa fa-map-marker\" aria-hidden=\"true\"><\/i>West Indian American Day Carnival<\/strong><br><div itemprop=\"address\" itemscope itemtype=\"https:\/\/schema.org\/PostalAddress\"><span itemprop=\"streetAddress\">Crown Heights<\/span><br><span itemprop=\"addressLocality\">Brooklyn<\/span>,<span itemprop=\"addressRegion\"> NY<\/span> <span itemprop=\"postalCode\">11225<\/span>\r\n\t\t\t\t<\/div>\r\n\t\t\t<\/div><div class=\"article-info infos-listing__contact\" style=\"margin-top:0;margin-bottom:0;font-size:inherit;\"><a href=\"tel:(718) 467-1797\" target=\"_blank\"><i class=\"fa fa-phone\" aria-hidden=\"true\"><\/i>(718) 467-1797<\/a><br><a href=\"mailto:office@wiadcacarnival.org\" target=\"_blank\"><i class=\"fa fa-envelope\" aria-hidden=\"true\"><\/i>office@wiadcacarnival.org<\/a><br><a href=\"https:\/\/wiadcacarnival.org\/\" target=\"_blank\"><i class=\"fa fa-link\" aria-hidden=\"true\"><\/i>wiadcaCarnival.org<\/a><br><\/div><div class=\"infos-listing__socials\"><a class=\"icon-facebook\" href=\"https:\/\/www.facebook.com\/NewYorkCarnival\" title=\"Facebook\" target=\"_blank\"><i class=\"fa fa-facebook\" aria-hidden=\"true\"><\/i><\/a><a class=\"icon-twitter\" href=\"https:\/\/twitter.com\/wiadca\" target=\"_blank\" title=\"Twitter\"><i class=\"fa fa-twitter\" aria-hidden=\"true\"><\/i><\/a><a class=\"icon-instagram\" href=\"https:\/\/www.instagram.com\/newyorkcarnival\" target=\"_blank\" title=\"Instagram\"><i class=\"fa fa-instagram\" aria-hidden=\"true\"><\/i><\/a><a class=\"icon-youtube\" href=\"https:\/\/www.youtube.com\/wiadcanewyorkcarnival\" target=\"_blank\" title=\"Youtube\"><i class=\"fa fa-youtube-play\" aria-hidden=\"true\"><\/i><\/a><\/div><\/div>\n<h2>Feast of San Gennaro<\/h2>\n<p><strong>\u25b7 C\u2019est quoi ?\u00a0<\/strong>11 jours d\u00e9di\u00e9s \u00e0 l\u2019Italie, ou quand le petit quartier de New York City a tout le monde \u00e0 sa botte. San Gennaro, ou Janvier de B\u00e9n\u00e9vent, \u00e9tait un \u00e9v\u00eaque et un Saint Martyr, Saint Patron de la ville de Naples.<\/p>\n<p>Depuis presque 90 ans, la Feast of San Gennaro attire des milliers de personnes et investit les rues du quartier chantant de Manhattan. Il y a des parades, des groupes de musique en live, des stands de nourriture, et le concours du plus gros mangeur de cannolis.<\/p>\n<p><a href=\"https:\/\/sangennaronyc.org\/\" target=\"_blank\" rel=\"noopener\"><img loading=\"lazy\" decoding=\"async\" class=\"aligncenter wp-image-155033 size-full\" src=\"https:\/\/frenchdistrict.com\/new-york\/wp-content\/uploads\/sites\/3\/2014\/08\/feat-of-san-gennaro-new-york.jpg\" alt=\"feat-of-san-gennaro-new-york\" width=\"518\" height=\"750\" srcset=\"https:\/\/frenchdistrict.com\/new-york\/wp-content\/uploads\/sites\/3\/2014\/08\/feat-of-san-gennaro-new-york.jpg 518w, https:\/\/frenchdistrict.com\/new-york\/wp-content\/uploads\/sites\/3\/2014\/08\/feat-of-san-gennaro-new-york-207x300.jpg 207w\" sizes=\"auto, (max-width: 518px) 100vw, 518px\" \/><\/a><\/p>\n<p><strong>\u25b7 C\u2019est quand ?<\/strong><\/p>\n<p>Du 11 au 25 septembre 2025.\u00a0<a href=\"https:\/\/www.carnifest.com\/feast-of-san-gennaro-2023\/\" target=\"_blank\" rel=\"noopener\">Consultez le site pour les d\u00e9tails.<\/a><\/p>\n<p><strong>\u25b7 C\u2019est o\u00f9 ?<\/strong><\/p>\n<style>\r\n\t.infos-listing-three-columns-last {float:none;}<\/style>\r\n\t\t<div class=\"infos-listing\" style=\"margin:2rem 0;\">\r\n\t\r\n\t\t\t<div class=\"article-info address infos-listing__address\" style=\"padding-bottom:0\" itemprop=\"location\" itemscope itemtype=\"https:\/\/schema.org\/Place\"><strong itemprop=\"name\"><i class=\"fa fa-map-marker\" aria-hidden=\"true\"><\/i>Feast of San Gennaro<\/strong><br><div itemprop=\"address\" itemscope itemtype=\"https:\/\/schema.org\/PostalAddress\"><span itemprop=\"streetAddress\">Dans les rues de Little Italy<\/span><br><span itemprop=\"addressLocality\">Manahattan<\/span>,<span itemprop=\"addressRegion\"> NY<\/span>\r\n\t\t\t\t<\/div>\r\n\t\t\t<\/div><div class=\"article-info infos-listing__contact\" style=\"margin-top:0;margin-bottom:0;font-size:inherit;\"><a href=\"tel:(929) 999-7919\" target=\"_blank\"><i class=\"fa fa-phone\" aria-hidden=\"true\"><\/i>(929) 999-7919<\/a><br><a href=\"https:\/\/sangennaronyc.org\/\" target=\"_blank\"><i class=\"fa fa-link\" aria-hidden=\"true\"><\/i>SanGennaroNYC.org<\/a><br><\/div><div class=\"infos-listing__socials\"><a class=\"icon-facebook\" href=\"https:\/\/www.facebook.com\/officialsangennaronyc\/\" title=\"Facebook\" target=\"_blank\"><i class=\"fa fa-facebook\" aria-hidden=\"true\"><\/i><\/a><a class=\"icon-instagram\" href=\"https:\/\/www.instagram.com\/feastofsangennaro_official\/\" target=\"_blank\" title=\"Instagram\"><i class=\"fa fa-instagram\" aria-hidden=\"true\"><\/i><\/a><\/div><\/div>\n<i class=\"fa fa-map-marker\" aria-hidden=\"true\"><\/i>  Mulberry Street, entre Canal et Houston.<br \/>\n<i class=\"fa fa-map-marker\" aria-hidden=\"true\"><\/i>  Hester entre Baxter Steet et Centre Street.<br \/>\n<i class=\"fa fa-map-marker\" aria-hidden=\"true\"><\/i>  Grand entre Baxter Steet et Centre Market Place.<\/p>\n<p><iframe loading=\"lazy\" title=\"The History of The Feast of San Gennaro\" width=\"810\" height=\"456\" src=\"https:\/\/www.youtube.com\/embed\/z_k7GqG0ge8?feature=oembed&#038;enablejsapi=1&#038;origin=https:\/\/frenchdistrict.com\" frameborder=\"0\" allow=\"accelerometer; autoplay; clipboard-write; encrypted-media; gyroscope; picture-in-picture; web-share\" referrerpolicy=\"strict-origin-when-cross-origin\" allowfullscreen><\/iframe><\/p>\n<h2>Brooklyn Book Festival<\/h2>\n<p><strong>\u25b7 C\u2019est quoi ?\u00a0<\/strong>R\u00e9put\u00e9 pour receler de plumes vivaces, le quartier de Brooklyn appara\u00eet donc comme l\u2019endroit id\u00e9al pour organiser une foire du livre et des \u00e9crivains. Tous se retrouvent autour de panels et de stands pour discuter et pr\u00e9senter leurs impressions.<\/p>\n<p>Cette foire du livre est assez orient\u00e9e vers les adultes, m\u00eame s\u2019il existe aussi des petits stands pour les enfants. La foire attire tous les ans des dizaines de milliers de curieux et des centaines d\u2019auteurs nationaux et internationaux.<\/p>\n<p><strong>\u25b7C\u2019est quand ?<\/strong><\/p>\n<p>Du 14 au 22 septembre 2025.\u00a0<strong>\u00a0<\/strong><a href=\"https:\/\/brooklynbookfestival.org\/\" target=\"_blank\" rel=\"noopener\">Consultez le site pour les d\u00e9tails.<\/a><\/p>\n<p><strong>\u25b7 C\u2019est o\u00f9 ?<\/strong><\/p>\n<style>\r\n\t.infos-listing-three-columns-last {float:none;}<\/style>\r\n\t\t<div class=\"infos-listing\" style=\"margin:2rem 0;\">\r\n\t\r\n\t\t\t<div class=\"article-info address infos-listing__address\" style=\"padding-bottom:0\" itemprop=\"location\" itemscope itemtype=\"https:\/\/schema.org\/Place\"><strong itemprop=\"name\"><i class=\"fa fa-map-marker\" aria-hidden=\"true\"><\/i>Brooklyn Book Festival<\/strong><br><div itemprop=\"address\" itemscope itemtype=\"https:\/\/schema.org\/PostalAddress\"><span itemprop=\"streetAddress\">Cadman Plaza W<\/span><br><span itemprop=\"addressLocality\">Brooklyn<\/span>,<span itemprop=\"addressRegion\"> NY<\/span> <span itemprop=\"postalCode\">11201<\/span>\r\n\t\t\t\t<\/div>\r\n\t\t\t<\/div><div class=\"article-info infos-listing__contact\" style=\"margin-top:0;margin-bottom:0;font-size:inherit;\"><a href=\"tel:(570) 362-6657\" target=\"_blank\"><i class=\"fa fa-phone\" aria-hidden=\"true\"><\/i>(570) 362-6657<\/a><br><a href=\"https:\/\/brooklynbookfestival.org\/\" target=\"_blank\"><i class=\"fa fa-link\" aria-hidden=\"true\"><\/i>BrooklynBookFestival.org<\/a><br><\/div><div class=\"infos-listing__socials\"><a class=\"icon-facebook\" href=\"https:\/\/www.facebook.com\/brooklynbookfestival\" title=\"Facebook\" target=\"_blank\"><i class=\"fa fa-facebook\" aria-hidden=\"true\"><\/i><\/a><a class=\"icon-twitter\" href=\"https:\/\/twitter.com\/BKBF\" target=\"_blank\" title=\"Twitter\"><i class=\"fa fa-twitter\" aria-hidden=\"true\"><\/i><\/a><a class=\"icon-instagram\" href=\"https:\/\/www.instagram.com\/bkbookfest\" target=\"_blank\" title=\"Instagram\"><i class=\"fa fa-instagram\" aria-hidden=\"true\"><\/i><\/a><\/div><\/div>\n<p>&nbsp;<\/p>\n<p><a href=\"https:\/\/brooklynbookfestival.org\/\" target=\"_blank\" rel=\"noopener\"><img loading=\"lazy\" decoding=\"async\" class=\"aligncenter wp-image-155015 size-full\" title=\"Brooklyn Book Festival New York \" src=\"https:\/\/frenchdistrict.com\/new-york\/wp-content\/uploads\/sites\/3\/2014\/08\/Brooklyn-book-festival-french-district-2025.png\" alt=\"Brooklyn Book Festival New York \" width=\"511\" height=\"214\" srcset=\"https:\/\/frenchdistrict.com\/new-york\/wp-content\/uploads\/sites\/3\/2014\/08\/Brooklyn-book-festival-french-district-2025.png 511w, https:\/\/frenchdistrict.com\/new-york\/wp-content\/uploads\/sites\/3\/2014\/08\/Brooklyn-book-festival-french-district-2025-300x126.png 300w\" sizes=\"auto, (max-width: 511px) 100vw, 511px\" \/><\/a><\/p>\n<h2>Atlantic Antic Festival<\/h2>\n<p><strong>\u25b7 C\u2019est quoi ?\u00a0<\/strong>Depuis 40 ans, le Atlantic Antic Festival attire des milliers de badauds dans les rues de <strong>Brooklyn<\/strong>. Cet \u00e9norme festival de rue c\u00e9l\u00e8bre la diversit\u00e9 du quartier et rend hommage \u00e0 ses habitants.<\/p>\n<p>Atlantic Avenue est envahie par un raz de mar\u00e9e humain, et pr\u00e9sente des stands de nourriture, des groupes de musique en live, des stands de petites babioles\u2026<\/p>\n<p><a href=\"https:\/\/www.atlanticave.org\/atlanticantic\" target=\"_blank\" rel=\"noopener\"><img loading=\"lazy\" decoding=\"async\" class=\"aligncenter wp-image-155032 size-full\" src=\"https:\/\/frenchdistrict.com\/new-york\/wp-content\/uploads\/sites\/3\/2014\/08\/atlantic-antic-festival.png\" alt=\"\" width=\"974\" height=\"548\" srcset=\"https:\/\/frenchdistrict.com\/new-york\/wp-content\/uploads\/sites\/3\/2014\/08\/atlantic-antic-festival.png 974w, https:\/\/frenchdistrict.com\/new-york\/wp-content\/uploads\/sites\/3\/2014\/08\/atlantic-antic-festival-300x169.png 300w, https:\/\/frenchdistrict.com\/new-york\/wp-content\/uploads\/sites\/3\/2014\/08\/atlantic-antic-festival-768x432.png 768w, https:\/\/frenchdistrict.com\/new-york\/wp-content\/uploads\/sites\/3\/2014\/08\/atlantic-antic-festival-810x456.png 810w\" sizes=\"auto, (max-width: 974px) 100vw, 974px\" \/><\/a><\/p>\n<p><strong>\u25b7 C\u2019est quand ?<\/strong><\/p>\n<p>Le dimanche 5 octobre 2025.\u00a0<a href=\"https:\/\/www.atlanticave.org\/atlanticantic\" target=\"_blank\" rel=\"noopener\">Consultez le site du festival pour les d\u00e9tails.<\/a><\/p>\n<p><strong>\u25b7 C\u2019est o\u00f9 ?\u00a0<\/strong><\/p>\n<style>\r\n\t.infos-listing-three-columns-last {float:none;}<\/style>\r\n\t\t<div class=\"infos-listing\" style=\"margin:2rem 0;\">\r\n\t\r\n\t\t\t<div class=\"article-info address infos-listing__address\" style=\"padding-bottom:0\" itemprop=\"location\" itemscope itemtype=\"https:\/\/schema.org\/Place\"><strong itemprop=\"name\"><i class=\"fa fa-map-marker\" aria-hidden=\"true\"><\/i>Atlantic Antic Festival<\/strong><br><div itemprop=\"address\" itemscope itemtype=\"https:\/\/schema.org\/PostalAddress\"><span itemprop=\"streetAddress\">494 Atlantic Avenue<\/span><br><span itemprop=\"addressLocality\">Brooklyn<\/span>,<span itemprop=\"addressRegion\"> NY<\/span> <span itemprop=\"postalCode\">11217<\/span>\r\n\t\t\t\t<\/div>\r\n\t\t\t<\/div><div class=\"article-info infos-listing__contact\" style=\"margin-top:0;margin-bottom:0;font-size:inherit;\"><a href=\"tel:(718) 875-8993\" target=\"_blank\"><i class=\"fa fa-phone\" aria-hidden=\"true\"><\/i>(718) 875-8993<\/a><br><a href=\"mailto:atlanticave@atlanticave.org\" target=\"_blank\"><i class=\"fa fa-envelope\" aria-hidden=\"true\"><\/i>atlanticave@atlanticave.org<\/a><br><a href=\"https:\/\/www.atlanticave.org\/atlanticantic\" target=\"_blank\"><i class=\"fa fa-link\" aria-hidden=\"true\"><\/i>AtlanticAve.org<\/a><br><\/div><div class=\"infos-listing__socials\"><a class=\"icon-facebook\" href=\"https:\/\/www.facebook.com\/AtlanticAvenueLDC\/\" title=\"Facebook\" target=\"_blank\"><i class=\"fa fa-facebook\" aria-hidden=\"true\"><\/i><\/a><a class=\"icon-twitter\" href=\"https:\/\/twitter.com\/AtlanticAveLDC\" target=\"_blank\" title=\"Twitter\"><i class=\"fa fa-twitter\" aria-hidden=\"true\"><\/i><\/a><a class=\"icon-instagram\" href=\"https:\/\/www.instagram.com\/atlanticaveldc\/\" target=\"_blank\" title=\"Instagram\"><i class=\"fa fa-instagram\" aria-hidden=\"true\"><\/i><\/a><\/div><\/div>\n<div id=\"attachment_148105\" style=\"width: 820px\" class=\"wp-caption aligncenter\"><a href=\"https:\/\/frenchdistrict.com\/new-york\/wp-content\/uploads\/sites\/3\/2014\/08\/atlantic-avenue-antic-festival-2009.jpg\"><img loading=\"lazy\" decoding=\"async\" aria-describedby=\"caption-attachment-148105\" class=\"size-large wp-image-148105\" src=\"https:\/\/frenchdistrict.com\/new-york\/wp-content\/uploads\/sites\/3\/2014\/08\/atlantic-avenue-antic-festival-2009-1024x768.jpg\" alt=\"La foule au festival Atlantic Antic en 2009, sur Atlantic Avenue et Court Street \u00e0 Brooklyn, New York\" width=\"810\" height=\"608\" srcset=\"https:\/\/frenchdistrict.com\/new-york\/wp-content\/uploads\/sites\/3\/2014\/08\/atlantic-avenue-antic-festival-2009-1024x768.jpg 1024w, https:\/\/frenchdistrict.com\/new-york\/wp-content\/uploads\/sites\/3\/2014\/08\/atlantic-avenue-antic-festival-2009-300x225.jpg 300w, https:\/\/frenchdistrict.com\/new-york\/wp-content\/uploads\/sites\/3\/2014\/08\/atlantic-avenue-antic-festival-2009-768x576.jpg 768w, https:\/\/frenchdistrict.com\/new-york\/wp-content\/uploads\/sites\/3\/2014\/08\/atlantic-avenue-antic-festival-2009-1536x1152.jpg 1536w, https:\/\/frenchdistrict.com\/new-york\/wp-content\/uploads\/sites\/3\/2014\/08\/atlantic-avenue-antic-festival-2009-810x608.jpg 810w, https:\/\/frenchdistrict.com\/new-york\/wp-content\/uploads\/sites\/3\/2014\/08\/atlantic-avenue-antic-festival-2009-1140x855.jpg 1140w, https:\/\/frenchdistrict.com\/new-york\/wp-content\/uploads\/sites\/3\/2014\/08\/atlantic-avenue-antic-festival-2009.jpg 1600w\" sizes=\"auto, (max-width: 810px) 100vw, 810px\" \/><\/a><p id=\"caption-attachment-148105\" class=\"wp-caption-text\">La foule au festival Atlantic Antic en 2009, sur Atlantic Avenue et Court Street \u00e0 Brooklyn, New York. <span style=\"font-size: 12px; font-style: italic;\">Cr\u00e9dit photo : <a style=\"color: #3d5185; text-decoration: none;\" href=\"https:\/\/commons.wikimedia.org\/wiki\/File:2009_Atlantic_Antic_Crowd.JPG\" target=\"_blank\" rel=\"noopener\">Sebastianblakehoward<\/a> (<a style=\"color: #3d5185; text-decoration: none;\" href=\"https:\/\/creativecommons.org\/licenses\/by-sa\/3.0\/deed.en\" target=\"_blank\" rel=\"noopener\">CC BY-SA 3.0<\/a>)<\/span><\/p><\/div>\n<p>&nbsp;<\/p>\n<p>&nbsp;<\/p>\n","protected":false},"excerpt":{"rendered":"<p>West Indian American Day Carnival \u25b7 C\u2019est quoi ?\u00a0Dans les ann\u00e9es 20, les immigrants de Trinidad et Tobago et d\u2019autres \u00eeles des Cara\u00efbes ont commenc\u00e9 \u00e0 c\u00e9l\u00e9brer leur carnaval dans diff\u00e9rents quartiers d\u2019Harlem. Vers le milieu des ann\u00e9es 40, un premier festival de rue a \u00e9t\u00e9 organis\u00e9 le jour de Labor Day, et c\u2019est rest\u00e9 [&hellip;]<\/p>\n","protected":false},"author":1,"featured_media":148106,"comment_status":"open","ping_status":"open","sticky":false,"template":"","format":"standard","meta":{"_acf_changed":false,"footnotes":""},"categories":[1906,26],"tags":[1551,59,131,287,57,288,111,1391,85],"class_list":["post-15046","post","type-post","status-publish","format-standard","has-post-thumbnail","hentry","category-culture-etats-unis","category-bons-plans","tag-aout","tag-art","tag-brooklyn","tag-festival","tag-litterature","tag-little-italy","tag-musique","tag-septembre","tag-spectacle"],"acf":[],"yoast_head":"<!-- This site is optimized with the Yoast SEO plugin v26.4 - https:\/\/yoast.com\/wordpress\/plugins\/seo\/ -->\n<title>Les festivals de rue \u00e0 Manhattan et Brooklyn - Art et musique New York<\/title>\n<meta name=\"description\" content=\"Assister \u00e0 quelques festivals de rue \u00e0 Manhattan et \u00e0 Brooklyn qui vont vous donner envie d\u2019\u00eatre \u00e0 la rentr\u00e9e.\" \/>\n<meta name=\"robots\" content=\"index, follow, max-snippet:-1, max-image-preview:large, max-video-preview:-1\" \/>\n<link rel=\"canonical\" href=\"https:\/\/frenchdistrict.com\/new-york\/articles\/festival-art-musique-livre-manhattan-brooklyn\/\" \/>\n<meta property=\"og:locale\" content=\"fr_FR\" \/>\n<meta property=\"og:type\" content=\"article\" \/>\n<meta property=\"og:title\" content=\"Les festivals de rue \u00e0 Manhattan et Brooklyn - Art et musique New York\" \/>\n<meta property=\"og:description\" content=\"Assister \u00e0 quelques festivals de rue \u00e0 Manhattan et \u00e0 Brooklyn qui vont vous donner envie d\u2019\u00eatre \u00e0 la rentr\u00e9e.\" \/>\n<meta property=\"og:url\" content=\"https:\/\/frenchdistrict.com\/new-york\/articles\/festival-art-musique-livre-manhattan-brooklyn\/\" \/>\n<meta property=\"og:site_name\" content=\"New York\" \/>\n<meta property=\"article:publisher\" content=\"https:\/\/www.facebook.com\/frenchdistrict\" \/>\n<meta property=\"article:published_time\" content=\"2014-08-15T04:00:00+00:00\" \/>\n<meta property=\"article:modified_time\" content=\"2025-09-07T19:47:20+00:00\" \/>\n<meta property=\"og:image\" content=\"https:\/\/frenchdistrict.com\/new-york\/wp-content\/uploads\/sites\/3\/2014\/08\/festival-art-musique-livre-manhattan-brooklyn-2023.jpg\" \/>\n\t<meta property=\"og:image:width\" content=\"1920\" \/>\n\t<meta property=\"og:image:height\" content=\"1282\" \/>\n\t<meta property=\"og:image:type\" content=\"image\/jpeg\" \/>\n<meta name=\"author\" content=\"tZaFNBo4R9Yh\" \/>\n<meta name=\"twitter:card\" content=\"summary_large_image\" \/>\n<meta name=\"twitter:creator\" content=\"@frenchdistrict\" \/>\n<meta name=\"twitter:site\" content=\"@frenchdistrict\" \/>\n<meta name=\"twitter:label1\" content=\"\u00c9crit par\" \/>\n\t<meta name=\"twitter:data1\" content=\"tZaFNBo4R9Yh\" \/>\n\t<meta name=\"twitter:label2\" content=\"Dur\u00e9e de lecture estim\u00e9e\" \/>\n\t<meta name=\"twitter:data2\" content=\"3 minutes\" \/>\n<script type=\"application\/ld+json\" class=\"yoast-schema-graph\">{\"@context\":\"https:\/\/schema.org\",\"@graph\":[{\"@type\":\"WebPage\",\"@id\":\"https:\/\/frenchdistrict.com\/new-york\/articles\/festival-art-musique-livre-manhattan-brooklyn\/\",\"url\":\"https:\/\/frenchdistrict.com\/new-york\/articles\/festival-art-musique-livre-manhattan-brooklyn\/\",\"name\":\"Les festivals de rue \u00e0 Manhattan et Brooklyn - Art et musique New York\",\"isPartOf\":{\"@id\":\"https:\/\/frenchdistrict.com\/new-york\/#website\"},\"primaryImageOfPage\":{\"@id\":\"https:\/\/frenchdistrict.com\/new-york\/articles\/festival-art-musique-livre-manhattan-brooklyn\/#primaryimage\"},\"image\":{\"@id\":\"https:\/\/frenchdistrict.com\/new-york\/articles\/festival-art-musique-livre-manhattan-brooklyn\/#primaryimage\"},\"thumbnailUrl\":\"https:\/\/frenchdistrict.com\/new-york\/wp-content\/uploads\/sites\/3\/2014\/08\/festival-art-musique-livre-manhattan-brooklyn-2023.jpg\",\"datePublished\":\"2014-08-15T04:00:00+00:00\",\"dateModified\":\"2025-09-07T19:47:20+00:00\",\"author\":{\"@id\":\"https:\/\/frenchdistrict.com\/new-york\/#\/schema\/person\/ca7493f7cf3c0f3dd252acaa99a10010\"},\"description\":\"Assister \u00e0 quelques festivals de rue \u00e0 Manhattan et \u00e0 Brooklyn qui vont vous donner envie d\u2019\u00eatre \u00e0 la rentr\u00e9e.\",\"breadcrumb\":{\"@id\":\"https:\/\/frenchdistrict.com\/new-york\/articles\/festival-art-musique-livre-manhattan-brooklyn\/#breadcrumb\"},\"inLanguage\":\"fr-FR\",\"potentialAction\":[{\"@type\":\"ReadAction\",\"target\":[\"https:\/\/frenchdistrict.com\/new-york\/articles\/festival-art-musique-livre-manhattan-brooklyn\/\"]}]},{\"@type\":\"ImageObject\",\"inLanguage\":\"fr-FR\",\"@id\":\"https:\/\/frenchdistrict.com\/new-york\/articles\/festival-art-musique-livre-manhattan-brooklyn\/#primaryimage\",\"url\":\"https:\/\/frenchdistrict.com\/new-york\/wp-content\/uploads\/sites\/3\/2014\/08\/festival-art-musique-livre-manhattan-brooklyn-2023.jpg\",\"contentUrl\":\"https:\/\/frenchdistrict.com\/new-york\/wp-content\/uploads\/sites\/3\/2014\/08\/festival-art-musique-livre-manhattan-brooklyn-2023.jpg\",\"width\":1920,\"height\":1282,\"caption\":\"Cr\u00e9dit photo : Josh Howard\"},{\"@type\":\"BreadcrumbList\",\"@id\":\"https:\/\/frenchdistrict.com\/new-york\/articles\/festival-art-musique-livre-manhattan-brooklyn\/#breadcrumb\",\"itemListElement\":[{\"@type\":\"ListItem\",\"position\":1,\"name\":\"New York\",\"item\":\"https:\/\/frenchdistrict.com\/new-york\/\"},{\"@type\":\"ListItem\",\"position\":2,\"name\":\"Loisirs\",\"item\":\"https:\/\/frenchdistrict.com\/new-york\/bons-plans\/\"},{\"@type\":\"ListItem\",\"position\":3,\"name\":\"Commencer la rentr\u00e9e du bon pied\"}]},{\"@type\":\"WebSite\",\"@id\":\"https:\/\/frenchdistrict.com\/new-york\/#website\",\"url\":\"https:\/\/frenchdistrict.com\/new-york\/\",\"name\":\"New York\",\"description\":\"Le meilleur de  &lt;span&gt;New York&lt;\/span&gt; par ceux qui y vivent\",\"potentialAction\":[{\"@type\":\"SearchAction\",\"target\":{\"@type\":\"EntryPoint\",\"urlTemplate\":\"https:\/\/frenchdistrict.com\/new-york\/?s={search_term_string}\"},\"query-input\":{\"@type\":\"PropertyValueSpecification\",\"valueRequired\":true,\"valueName\":\"search_term_string\"}}],\"inLanguage\":\"fr-FR\"},{\"@type\":\"Person\",\"@id\":\"https:\/\/frenchdistrict.com\/new-york\/#\/schema\/person\/ca7493f7cf3c0f3dd252acaa99a10010\",\"name\":\"tZaFNBo4R9Yh\",\"image\":{\"@type\":\"ImageObject\",\"inLanguage\":\"fr-FR\",\"@id\":\"https:\/\/frenchdistrict.com\/new-york\/#\/schema\/person\/image\/\",\"url\":\"https:\/\/secure.gravatar.com\/avatar\/c5d139838ee2e960f5c78553852d2c0585ef569e33b9c3febd21e71f740396f1?s=96&d=mm&r=g\",\"contentUrl\":\"https:\/\/secure.gravatar.com\/avatar\/c5d139838ee2e960f5c78553852d2c0585ef569e33b9c3febd21e71f740396f1?s=96&d=mm&r=g\",\"caption\":\"tZaFNBo4R9Yh\"}}]}<\/script>\n<!-- \/ Yoast SEO plugin. -->","yoast_head_json":{"title":"Les festivals de rue \u00e0 Manhattan et Brooklyn - Art et musique New York","description":"Assister \u00e0 quelques festivals de rue \u00e0 Manhattan et \u00e0 Brooklyn qui vont vous donner envie d\u2019\u00eatre \u00e0 la rentr\u00e9e.","robots":{"index":"index","follow":"follow","max-snippet":"max-snippet:-1","max-image-preview":"max-image-preview:large","max-video-preview":"max-video-preview:-1"},"canonical":"https:\/\/frenchdistrict.com\/new-york\/articles\/festival-art-musique-livre-manhattan-brooklyn\/","og_locale":"fr_FR","og_type":"article","og_title":"Les festivals de rue \u00e0 Manhattan et Brooklyn - Art et musique New York","og_description":"Assister \u00e0 quelques festivals de rue \u00e0 Manhattan et \u00e0 Brooklyn qui vont vous donner envie d\u2019\u00eatre \u00e0 la rentr\u00e9e.","og_url":"https:\/\/frenchdistrict.com\/new-york\/articles\/festival-art-musique-livre-manhattan-brooklyn\/","og_site_name":"New York","article_publisher":"https:\/\/www.facebook.com\/frenchdistrict","article_published_time":"2014-08-15T04:00:00+00:00","article_modified_time":"2025-09-07T19:47:20+00:00","og_image":[{"width":1920,"height":1282,"url":"https:\/\/frenchdistrict.com\/new-york\/wp-content\/uploads\/sites\/3\/2014\/08\/festival-art-musique-livre-manhattan-brooklyn-2023.jpg","type":"image\/jpeg"}],"author":"tZaFNBo4R9Yh","twitter_card":"summary_large_image","twitter_creator":"@frenchdistrict","twitter_site":"@frenchdistrict","twitter_misc":{"\u00c9crit par":"tZaFNBo4R9Yh","Dur\u00e9e de lecture estim\u00e9e":"3 minutes"},"schema":{"@context":"https:\/\/schema.org","@graph":[{"@type":"WebPage","@id":"https:\/\/frenchdistrict.com\/new-york\/articles\/festival-art-musique-livre-manhattan-brooklyn\/","url":"https:\/\/frenchdistrict.com\/new-york\/articles\/festival-art-musique-livre-manhattan-brooklyn\/","name":"Les festivals de rue \u00e0 Manhattan et Brooklyn - Art et musique New York","isPartOf":{"@id":"https:\/\/frenchdistrict.com\/new-york\/#website"},"primaryImageOfPage":{"@id":"https:\/\/frenchdistrict.com\/new-york\/articles\/festival-art-musique-livre-manhattan-brooklyn\/#primaryimage"},"image":{"@id":"https:\/\/frenchdistrict.com\/new-york\/articles\/festival-art-musique-livre-manhattan-brooklyn\/#primaryimage"},"thumbnailUrl":"https:\/\/frenchdistrict.com\/new-york\/wp-content\/uploads\/sites\/3\/2014\/08\/festival-art-musique-livre-manhattan-brooklyn-2023.jpg","datePublished":"2014-08-15T04:00:00+00:00","dateModified":"2025-09-07T19:47:20+00:00","author":{"@id":"https:\/\/frenchdistrict.com\/new-york\/#\/schema\/person\/ca7493f7cf3c0f3dd252acaa99a10010"},"description":"Assister \u00e0 quelques festivals de rue \u00e0 Manhattan et \u00e0 Brooklyn qui vont vous donner envie d\u2019\u00eatre \u00e0 la rentr\u00e9e.","breadcrumb":{"@id":"https:\/\/frenchdistrict.com\/new-york\/articles\/festival-art-musique-livre-manhattan-brooklyn\/#breadcrumb"},"inLanguage":"fr-FR","potentialAction":[{"@type":"ReadAction","target":["https:\/\/frenchdistrict.com\/new-york\/articles\/festival-art-musique-livre-manhattan-brooklyn\/"]}]},{"@type":"ImageObject","inLanguage":"fr-FR","@id":"https:\/\/frenchdistrict.com\/new-york\/articles\/festival-art-musique-livre-manhattan-brooklyn\/#primaryimage","url":"https:\/\/frenchdistrict.com\/new-york\/wp-content\/uploads\/sites\/3\/2014\/08\/festival-art-musique-livre-manhattan-brooklyn-2023.jpg","contentUrl":"https:\/\/frenchdistrict.com\/new-york\/wp-content\/uploads\/sites\/3\/2014\/08\/festival-art-musique-livre-manhattan-brooklyn-2023.jpg","width":1920,"height":1282,"caption":"Cr\u00e9dit photo : Josh Howard"},{"@type":"BreadcrumbList","@id":"https:\/\/frenchdistrict.com\/new-york\/articles\/festival-art-musique-livre-manhattan-brooklyn\/#breadcrumb","itemListElement":[{"@type":"ListItem","position":1,"name":"New York","item":"https:\/\/frenchdistrict.com\/new-york\/"},{"@type":"ListItem","position":2,"name":"Loisirs","item":"https:\/\/frenchdistrict.com\/new-york\/bons-plans\/"},{"@type":"ListItem","position":3,"name":"Commencer la rentr\u00e9e du bon pied"}]},{"@type":"WebSite","@id":"https:\/\/frenchdistrict.com\/new-york\/#website","url":"https:\/\/frenchdistrict.com\/new-york\/","name":"New York","description":"Le meilleur de  &lt;span&gt;New York&lt;\/span&gt; par ceux qui y vivent","potentialAction":[{"@type":"SearchAction","target":{"@type":"EntryPoint","urlTemplate":"https:\/\/frenchdistrict.com\/new-york\/?s={search_term_string}"},"query-input":{"@type":"PropertyValueSpecification","valueRequired":true,"valueName":"search_term_string"}}],"inLanguage":"fr-FR"},{"@type":"Person","@id":"https:\/\/frenchdistrict.com\/new-york\/#\/schema\/person\/ca7493f7cf3c0f3dd252acaa99a10010","name":"tZaFNBo4R9Yh","image":{"@type":"ImageObject","inLanguage":"fr-FR","@id":"https:\/\/frenchdistrict.com\/new-york\/#\/schema\/person\/image\/","url":"https:\/\/secure.gravatar.com\/avatar\/c5d139838ee2e960f5c78553852d2c0585ef569e33b9c3febd21e71f740396f1?s=96&d=mm&r=g","contentUrl":"https:\/\/secure.gravatar.com\/avatar\/c5d139838ee2e960f5c78553852d2c0585ef569e33b9c3febd21e71f740396f1?s=96&d=mm&r=g","caption":"tZaFNBo4R9Yh"}}]}},"_links":{"self":[{"href":"https:\/\/frenchdistrict.com\/new-york\/wp-json\/wp\/v2\/posts\/15046","targetHints":{"allow":["GET"]}}],"collection":[{"href":"https:\/\/frenchdistrict.com\/new-york\/wp-json\/wp\/v2\/posts"}],"about":[{"href":"https:\/\/frenchdistrict.com\/new-york\/wp-json\/wp\/v2\/types\/post"}],"author":[{"embeddable":true,"href":"https:\/\/frenchdistrict.com\/new-york\/wp-json\/wp\/v2\/users\/1"}],"replies":[{"embeddable":true,"href":"https:\/\/frenchdistrict.com\/new-york\/wp-json\/wp\/v2\/comments?post=15046"}],"version-history":[{"count":12,"href":"https:\/\/frenchdistrict.com\/new-york\/wp-json\/wp\/v2\/posts\/15046\/revisions"}],"predecessor-version":[{"id":155034,"href":"https:\/\/frenchdistrict.com\/new-york\/wp-json\/wp\/v2\/posts\/15046\/revisions\/155034"}],"wp:featuredmedia":[{"embeddable":true,"href":"https:\/\/frenchdistrict.com\/new-york\/wp-json\/wp\/v2\/media\/148106"}],"wp:attachment":[{"href":"https:\/\/frenchdistrict.com\/new-york\/wp-json\/wp\/v2\/media?parent=15046"}],"wp:term":[{"taxonomy":"category","embeddable":true,"href":"https:\/\/frenchdistrict.com\/new-york\/wp-json\/wp\/v2\/categories?post=15046"},{"taxonomy":"post_tag","embeddable":true,"href":"https:\/\/frenchdistrict.com\/new-york\/wp-json\/wp\/v2\/tags?post=15046"}],"curies":[{"name":"wp","href":"https:\/\/api.w.org\/{rel}","templated":true}]}}