{"id":15277,"date":"2026-02-15T00:00:00","date_gmt":"2026-02-15T05:00:00","guid":{"rendered":"https:\/\/frenchdistrict.com\/new-york\/articles\/hall-of-fame-for-great-americans-memorial-temple-du-remarquable\/"},"modified":"2026-02-27T07:51:58","modified_gmt":"2026-02-27T12:51:58","slug":"hall-of-fame-for-great-americans-memorial-temple-du-remarquable","status":"publish","type":"post","link":"https:\/\/frenchdistrict.com\/new-york\/articles\/hall-of-fame-for-great-americans-memorial-temple-du-remarquable\/","title":{"rendered":"Hall of Fame for Great Americans"},"content":{"rendered":"<h2>Ce que l\u2019Am\u00e9rique a fait de meilleur<\/h2>\n<p>Inaugur\u00e9 en 1900, ce tout premier <strong>Hall of Fame<\/strong> ne se concentre pas sur les meilleurs basketteurs ou les rockers, mais bien sur des membres du peuple am\u00e9ricain en g\u00e9n\u00e9ral, qui ont \u00ab <em>servi l\u2019humanit\u00e9 avec noblesse<\/em> \u00bb. <strong>Le m\u00e9morial<\/strong> peut accueillir jusqu\u2019\u00e0 102 bustes de bronze, fabriqu\u00e9s tout sp\u00e9cialement pour l\u2019occasion et qui gravent alors les visages de ces \u00eatres d\u2019exception pour l\u2019\u00e9ternit\u00e9. Seuls 98 bustes ont \u00e9t\u00e9 r\u00e9alis\u00e9s, le Hall n\u2019a jamais \u00e9t\u00e9 rempli.<\/p>\n<div id=\"attachment_158428\" style=\"width: 820px\" class=\"wp-caption aligncenter\"><a href=\"https:\/\/frenchdistrict.com\/new-york\/wp-content\/uploads\/sites\/3\/2015\/07\/hall-of-fame-for-great-americans-memorial-promenade.jpg\"><img loading=\"lazy\" decoding=\"async\" aria-describedby=\"caption-attachment-158428\" class=\"size-large wp-image-158428\" src=\"https:\/\/frenchdistrict.com\/new-york\/wp-content\/uploads\/sites\/3\/2015\/07\/hall-of-fame-for-great-americans-memorial-promenade-1024x751.jpg\" alt=\"Le Hall of Fame for Great Americans, un monument historique et architectural\" width=\"810\" height=\"594\" srcset=\"https:\/\/frenchdistrict.com\/new-york\/wp-content\/uploads\/sites\/3\/2015\/07\/hall-of-fame-for-great-americans-memorial-promenade-1024x751.jpg 1024w, https:\/\/frenchdistrict.com\/new-york\/wp-content\/uploads\/sites\/3\/2015\/07\/hall-of-fame-for-great-americans-memorial-promenade-300x220.jpg 300w, https:\/\/frenchdistrict.com\/new-york\/wp-content\/uploads\/sites\/3\/2015\/07\/hall-of-fame-for-great-americans-memorial-promenade-768x564.jpg 768w, https:\/\/frenchdistrict.com\/new-york\/wp-content\/uploads\/sites\/3\/2015\/07\/hall-of-fame-for-great-americans-memorial-promenade-1536x1127.jpg 1536w, https:\/\/frenchdistrict.com\/new-york\/wp-content\/uploads\/sites\/3\/2015\/07\/hall-of-fame-for-great-americans-memorial-promenade-810x594.jpg 810w, https:\/\/frenchdistrict.com\/new-york\/wp-content\/uploads\/sites\/3\/2015\/07\/hall-of-fame-for-great-americans-memorial-promenade-1140x837.jpg 1140w, https:\/\/frenchdistrict.com\/new-york\/wp-content\/uploads\/sites\/3\/2015\/07\/hall-of-fame-for-great-americans-memorial-promenade.jpg 1920w\" sizes=\"auto, (max-width: 810px) 100vw, 810px\" \/><\/a><p id=\"caption-attachment-158428\" class=\"wp-caption-text\">Le Hall of Fame for Great Americans, un monument historique et architectural. <span style=\"font-size: 12px; font-style: italic;\">Cr\u00e9dit photo : <a style=\"color: #3d5185; text-decoration: none;\" href=\"https:\/\/commons.wikimedia.org\/wiki\/File:Hall_of_Fame_for_Great_Americans.jpg\" target=\"_blank\" rel=\"noopener\">en-WP<\/a>.<\/span><\/p><\/div>\nAu tout d\u00e9but donc, 29 personnalit\u00e9s am\u00e9ricaines (n\u00e9es aux \u00c9tats-Unis, ou bien naturalis\u00e9es) repr\u00e9sentantes de 15 cat\u00e9gories diff\u00e9rentes ont \u00e9t\u00e9 soigneusement choisies pour figurer dans ce Temple du Remarquable. Les bustes sont r\u00e9alis\u00e9s par des sculpteurs renomm\u00e9s, dont <a href=\"https:\/\/fr.wikipedia.org\/wiki\/Daniel_Chester_French\" target=\"_blank\" rel=\"noopener\">Daniel Chester French<\/a>. Dans les premiers \u00c9lus figurent parmi tant d\u2019autres :<\/p>\n<ul>\n<li>Les pr\u00e9sidents mythiques George Washington et <a href=\"https:\/\/fr.wikipedia.org\/wiki\/Abraham_Lincoln\" target=\"_blank\" rel=\"noopener\">Abraham Lincoln<\/a>,<\/li>\n<li>le peintre et auteur de l\u2019alphabet <a href=\"https:\/\/fr.wikipedia.org\/wiki\/Samuel_Morse\" target=\"_blank\" rel=\"noopener\">Samuel Morse<\/a>,<\/li>\n<li>l\u2019un des P\u00e8res Fondateurs des \u00c9tats-Unis <a href=\"https:\/\/fr.wikipedia.org\/wiki\/John_Adams_(homme_d%27%C3%89tat)\" target=\"_blank\" rel=\"noopener\">John Adams<\/a>,<\/li>\n<li>l\u2019\u00e9crivain <a href=\"https:\/\/fr.wikipedia.org\/wiki\/Washington_Irving\" target=\"_blank\" rel=\"noopener\">Washington Irving<\/a>,<\/li>\n<li>l\u2019industriel <a href=\"https:\/\/fr.wikipedia.org\/wiki\/Eli_Whitney\" target=\"_blank\" rel=\"noopener\">Eli Whitney<\/a>,<\/li>\n<li>le botaniste <a href=\"https:\/\/fr.wikipedia.org\/wiki\/Asa_Gray\" target=\"_blank\" rel=\"noopener\">Asa Gray.<\/a>.<\/li>\n<\/ul>\n<div id=\"attachment_158429\" style=\"width: 820px\" class=\"wp-caption aligncenter\"><a href=\"https:\/\/frenchdistrict.com\/new-york\/wp-content\/uploads\/sites\/3\/2015\/07\/hall-of-fame-for-great-americans-memorial-exterieur.jpg\"><img loading=\"lazy\" decoding=\"async\" aria-describedby=\"caption-attachment-158429\" class=\"size-large wp-image-158429\" src=\"https:\/\/frenchdistrict.com\/new-york\/wp-content\/uploads\/sites\/3\/2015\/07\/hall-of-fame-for-great-americans-memorial-exterieur-1024x929.jpg\" alt=\"L'ext\u00e9rieur de la biblioth\u00e8que du Bronx Community College\" width=\"810\" height=\"735\" srcset=\"https:\/\/frenchdistrict.com\/new-york\/wp-content\/uploads\/sites\/3\/2015\/07\/hall-of-fame-for-great-americans-memorial-exterieur-1024x929.jpg 1024w, https:\/\/frenchdistrict.com\/new-york\/wp-content\/uploads\/sites\/3\/2015\/07\/hall-of-fame-for-great-americans-memorial-exterieur-300x272.jpg 300w, https:\/\/frenchdistrict.com\/new-york\/wp-content\/uploads\/sites\/3\/2015\/07\/hall-of-fame-for-great-americans-memorial-exterieur-768x696.jpg 768w, https:\/\/frenchdistrict.com\/new-york\/wp-content\/uploads\/sites\/3\/2015\/07\/hall-of-fame-for-great-americans-memorial-exterieur-1536x1393.jpg 1536w, https:\/\/frenchdistrict.com\/new-york\/wp-content\/uploads\/sites\/3\/2015\/07\/hall-of-fame-for-great-americans-memorial-exterieur-810x734.jpg 810w, https:\/\/frenchdistrict.com\/new-york\/wp-content\/uploads\/sites\/3\/2015\/07\/hall-of-fame-for-great-americans-memorial-exterieur-1140x1034.jpg 1140w, https:\/\/frenchdistrict.com\/new-york\/wp-content\/uploads\/sites\/3\/2015\/07\/hall-of-fame-for-great-americans-memorial-exterieur.jpg 1920w\" sizes=\"auto, (max-width: 810px) 100vw, 810px\" \/><\/a><p id=\"caption-attachment-158429\" class=\"wp-caption-text\">L&#8217;ext\u00e9rieur de la biblioth\u00e8que du Bronx Community College. <span style=\"font-size: 12px; font-style: italic;\">Cr\u00e9dit photo : <a style=\"color: #3d5185; text-decoration: none;\" href=\"https:\/\/commons.wikimedia.org\/wiki\/File:Bronx_Community_College_Library_exterior_-2_(cropped).jpg\" target=\"_blank\" rel=\"noopener\">Fatih Ergun<\/a> (<a style=\"color: #3d5185; text-decoration: none;\" href=\"https:\/\/creativecommons.org\/licenses\/by-sa\/4.0\/deed.en\" target=\"_blank\" rel=\"noopener\">CC BY-SA 4.0<\/a>).<\/span><\/p><\/div>\n<p>Pour s\u2019imaginer entrer au <em>Hall of Fame for Great Americans<\/em>, il fallait donc \u00eatre un auteur r\u00e9put\u00e9, un inventeur de g\u00e9nie, un scientifique \u00e9clair\u00e9, un soldat patriote, un homme politique hors du commun\u2026 Ou un homme ou une femme \u00ab <em>remarquable<\/em> \u00bb, comme l\u2019ont \u00e9t\u00e9 11 autres Am\u00e9ricains en 1905, puis 11 autres en 1910. Les membres \u00e9taient \u00e9lus par un comit\u00e9 de 100 personnalit\u00e9s (universitaires, \u00e9crivains, scientifiques, etc.),<\/p>\n<div id=\"attachment_158430\" style=\"width: 820px\" class=\"wp-caption aligncenter\"><a href=\"https:\/\/frenchdistrict.com\/new-york\/wp-content\/uploads\/sites\/3\/2015\/07\/hall-of-fame-for-great-americans-memorial-gould-library.jpg\"><img loading=\"lazy\" decoding=\"async\" aria-describedby=\"caption-attachment-158430\" class=\"size-large wp-image-158430\" src=\"https:\/\/frenchdistrict.com\/new-york\/wp-content\/uploads\/sites\/3\/2015\/07\/hall-of-fame-for-great-americans-memorial-gould-library-1024x768.jpg\" alt=\"La Gould Memorial Library\" width=\"810\" height=\"608\" srcset=\"https:\/\/frenchdistrict.com\/new-york\/wp-content\/uploads\/sites\/3\/2015\/07\/hall-of-fame-for-great-americans-memorial-gould-library-1024x768.jpg 1024w, https:\/\/frenchdistrict.com\/new-york\/wp-content\/uploads\/sites\/3\/2015\/07\/hall-of-fame-for-great-americans-memorial-gould-library-300x225.jpg 300w, https:\/\/frenchdistrict.com\/new-york\/wp-content\/uploads\/sites\/3\/2015\/07\/hall-of-fame-for-great-americans-memorial-gould-library-768x576.jpg 768w, https:\/\/frenchdistrict.com\/new-york\/wp-content\/uploads\/sites\/3\/2015\/07\/hall-of-fame-for-great-americans-memorial-gould-library-1536x1152.jpg 1536w, https:\/\/frenchdistrict.com\/new-york\/wp-content\/uploads\/sites\/3\/2015\/07\/hall-of-fame-for-great-americans-memorial-gould-library-810x608.jpg 810w, https:\/\/frenchdistrict.com\/new-york\/wp-content\/uploads\/sites\/3\/2015\/07\/hall-of-fame-for-great-americans-memorial-gould-library-1140x855.jpg 1140w, https:\/\/frenchdistrict.com\/new-york\/wp-content\/uploads\/sites\/3\/2015\/07\/hall-of-fame-for-great-americans-memorial-gould-library.jpg 1920w\" sizes=\"auto, (max-width: 810px) 100vw, 810px\" \/><\/a><p id=\"caption-attachment-158430\" class=\"wp-caption-text\">La Gould Memorial Library. <span style=\"font-size: 12px; font-style: italic;\">Cr\u00e9dit photo : <a style=\"color: #3d5185; text-decoration: none;\" href=\"https:\/\/commons.wikimedia.org\/wiki\/File:BCC_GouldLibrary1.JPG\" target=\"_blank\" rel=\"noopener\">Beyond Enki323<\/a> (<a style=\"color: #3d5185; text-decoration: none;\" href=\"https:\/\/creativecommons.org\/licenses\/by-sa\/4.0\/deed.en\" target=\"_blank\" rel=\"noopener\">CC BY-SA 4.0<\/a>).<\/span><\/p><\/div>\n<h2>Le Hall of Fame \u00e9volue<\/h2>\n<ul>\n<li><strong>1973<\/strong> : Le campus sur lequel est situ\u00e9 le Hall of Fame est malheureusement tomb\u00e9 aux oubliettes en 1973, mais, quelques ann\u00e9es plus tard, il \u00e9tait transf\u00e9r\u00e9 \u00e0 la <a href=\"https:\/\/www.cuny.edu\/\" target=\"_blank\" rel=\"noopener\">City University of New York<\/a> (CUNY) qui lui allouait de jolies sommes en vue de sa restauration.<\/li>\n<li><strong>2012<\/strong> : Restauration majeure, notamment pour les bustes en bronze.<\/li>\n<li><strong>2017<\/strong> : Retrait de trois bustes (Lee, Jackson, Davis) en raison de leur lien avec la Conf\u00e9d\u00e9ration.<\/li>\n<\/ul>\n<p>Le concept du <em>Hall of Fame<\/em> s\u2019est par la suite d\u00e9velopp\u00e9 et il en existe aujourd\u2019hui pour diff\u00e9rentes cat\u00e9gories : le Hall of Fame du Basket, celui du Hockey, celui du Rock&#8217;n&#8217;roll\u2026 Bref, toutes les raisons sont bonnes pour c\u00e9l\u00e9brer le meilleur.<br \/>\n<div style=\"display:block;\"><h3>Infos Pratiques <\/h3><div class=\"infos-listing\" itemscope itemtype=\"https:\/\/schema.org\/Thing\"><div class=\"article-info address infos-listing__address\" style=\"padding-bottom:1em;\" itemprop=\"location\" itemscope itemtype=\"https:\/\/schema.org\/Place\"><strong itemprop=\"name\"><i class=\"fa fa-map-marker\" aria-hidden=\"true\"><\/i>Hall of Fame for Great Americans<\/strong><br><div itemprop=\"address\" itemscope itemtype=\"https:\/\/schema.org\/PostalAddress\"><span itemprop=\"streetAddress\">Bronx Community College<\/span>,<span>University Ave &amp; W 181st St<\/span><br><span itemprop=\"addressLocality\">The Bronx<\/span>,\r\n\t\t\t\t\t\t<span itemprop=\"addressRegion\"> NY<\/span>, <span itemprop=\"postalCode\">10453<\/span><\/div>\r\n\t\t\t\t<\/div><div class=\"article-info infos-listing__contact\"><a href=\"tel:(718) 289-5170\" target=\"_blank\"><i class=\"fa fa-phone\" aria-hidden=\"true\"><\/i>(718) 289-5170<\/a><br><a href=\"https:\/\/www.bcc.cuny.edu\/about-bcc\/history-architecture\/hall-of-fame-for-great-americans\/\" target=\"_blank\"><i class=\"fa fa-link\" aria-hidden=\"true\"><\/i>BCC.cuny.edu<\/a><br><\/div><\/div>\r\n\t\t<\/div>\r\n\t\t<div class=\"clear\"><\/div><i class=\"fa fa-money\" aria-hidden=\"true\"><\/i> Monument gratuit<\/p>\n<p><iframe loading=\"lazy\" style=\"border: 0;\" src=\"https:\/\/www.google.com\/maps\/embed?pb=!1m18!1m12!1m3!1d114923.32506252165!2d-73.97797433736264!3d40.80694688485371!2m3!1f0!2f0!3f0!3m2!1i1024!2i768!4f13.1!3m3!1m2!1s0x89c2f4737439ae01%3A0xfd725c31d62ecaf2!2sThe%20Hall%20of%20Fame%20for%20Great%20Americans!5e0!3m2!1sen!2sbe!4v1772195543214!5m2!1sen!2sbe\" width=\"750\" height=\"550\" allowfullscreen=\"allowfullscreen\"><\/iframe><\/p>\n","protected":false},"excerpt":{"rendered":"<p>Ce que l\u2019Am\u00e9rique a fait de meilleur Inaugur\u00e9 en 1900, ce tout premier Hall of Fame ne se concentre pas sur les meilleurs basketteurs ou les rockers, mais bien sur des membres du peuple am\u00e9ricain en g\u00e9n\u00e9ral, qui ont \u00ab servi l\u2019humanit\u00e9 avec noblesse \u00bb. Le m\u00e9morial peut accueillir jusqu\u2019\u00e0 102 bustes de bronze, fabriqu\u00e9s [&hellip;]<\/p>\n","protected":false},"author":1,"featured_media":158428,"comment_status":"closed","ping_status":"closed","sticky":false,"template":"","format":"standard","meta":{"_acf_changed":false,"footnotes":""},"categories":[1906,15],"tags":[2281,434,59,67,91,45],"class_list":["post-15277","post","type-post","status-publish","format-standard","has-post-thumbnail","hentry","category-culture-etats-unis","category-tests","tag-a-visiter","tag-activites","tag-art","tag-culture","tag-gratuit","tag-sortir"],"acf":[],"yoast_head":"<!-- This site is optimized with the Yoast SEO plugin v26.4 - https:\/\/yoast.com\/wordpress\/plugins\/seo\/ -->\n<title>Hall of Fame for Great Americans : le Panth\u00e9on des figures embl\u00e9matiques de l&#039;Am\u00e9rique \u00e0 New York<\/title>\n<meta name=\"description\" content=\"D\u00e9couvrez le Hall of Fame for Great Americans \u00e0 New York, un panth\u00e9on unique rendant hommage aux personnalit\u00e9s am\u00e9ricaines qui ont marqu\u00e9 l&#039;histoire et servi l&#039;humanit\u00e9.\" \/>\n<meta name=\"robots\" content=\"index, follow, max-snippet:-1, max-image-preview:large, max-video-preview:-1\" \/>\n<link rel=\"canonical\" href=\"https:\/\/frenchdistrict.com\/new-york\/articles\/hall-of-fame-for-great-americans-memorial-temple-du-remarquable\/\" \/>\n<meta property=\"og:locale\" content=\"fr_FR\" \/>\n<meta property=\"og:type\" content=\"article\" \/>\n<meta property=\"og:title\" content=\"Hall of Fame for Great Americans : le Panth\u00e9on des figures embl\u00e9matiques de l&#039;Am\u00e9rique \u00e0 New York\" \/>\n<meta property=\"og:description\" content=\"D\u00e9couvrez le Hall of Fame for Great Americans \u00e0 New York, un panth\u00e9on unique rendant hommage aux personnalit\u00e9s am\u00e9ricaines qui ont marqu\u00e9 l&#039;histoire et servi l&#039;humanit\u00e9.\" \/>\n<meta property=\"og:url\" content=\"https:\/\/frenchdistrict.com\/new-york\/articles\/hall-of-fame-for-great-americans-memorial-temple-du-remarquable\/\" \/>\n<meta property=\"og:site_name\" content=\"New York\" \/>\n<meta property=\"article:publisher\" content=\"https:\/\/www.facebook.com\/frenchdistrict\" \/>\n<meta property=\"article:published_time\" content=\"2026-02-15T05:00:00+00:00\" \/>\n<meta property=\"article:modified_time\" content=\"2026-02-27T12:51:58+00:00\" \/>\n<meta property=\"og:image\" content=\"https:\/\/frenchdistrict.com\/new-york\/wp-content\/uploads\/sites\/3\/2015\/07\/hall-of-fame-for-great-americans-memorial-promenade.jpg\" \/>\n\t<meta property=\"og:image:width\" content=\"1920\" \/>\n\t<meta property=\"og:image:height\" content=\"1409\" \/>\n\t<meta property=\"og:image:type\" content=\"image\/jpeg\" \/>\n<meta name=\"author\" content=\"tZaFNBo4R9Yh\" \/>\n<meta name=\"twitter:card\" content=\"summary_large_image\" \/>\n<meta name=\"twitter:creator\" content=\"@frenchdistrict\" \/>\n<meta name=\"twitter:site\" content=\"@frenchdistrict\" \/>\n<meta name=\"twitter:label1\" content=\"\u00c9crit par\" \/>\n\t<meta name=\"twitter:data1\" content=\"tZaFNBo4R9Yh\" \/>\n\t<meta name=\"twitter:label2\" content=\"Dur\u00e9e de lecture estim\u00e9e\" \/>\n\t<meta name=\"twitter:data2\" content=\"2 minutes\" \/>\n<script type=\"application\/ld+json\" class=\"yoast-schema-graph\">{\"@context\":\"https:\/\/schema.org\",\"@graph\":[{\"@type\":\"WebPage\",\"@id\":\"https:\/\/frenchdistrict.com\/new-york\/articles\/hall-of-fame-for-great-americans-memorial-temple-du-remarquable\/\",\"url\":\"https:\/\/frenchdistrict.com\/new-york\/articles\/hall-of-fame-for-great-americans-memorial-temple-du-remarquable\/\",\"name\":\"Hall of Fame for Great Americans : le Panth\u00e9on des figures embl\u00e9matiques de l'Am\u00e9rique \u00e0 New York\",\"isPartOf\":{\"@id\":\"https:\/\/frenchdistrict.com\/new-york\/#website\"},\"primaryImageOfPage\":{\"@id\":\"https:\/\/frenchdistrict.com\/new-york\/articles\/hall-of-fame-for-great-americans-memorial-temple-du-remarquable\/#primaryimage\"},\"image\":{\"@id\":\"https:\/\/frenchdistrict.com\/new-york\/articles\/hall-of-fame-for-great-americans-memorial-temple-du-remarquable\/#primaryimage\"},\"thumbnailUrl\":\"https:\/\/frenchdistrict.com\/new-york\/wp-content\/uploads\/sites\/3\/2015\/07\/hall-of-fame-for-great-americans-memorial-promenade.jpg\",\"datePublished\":\"2026-02-15T05:00:00+00:00\",\"dateModified\":\"2026-02-27T12:51:58+00:00\",\"author\":{\"@id\":\"https:\/\/frenchdistrict.com\/new-york\/#\/schema\/person\/ca7493f7cf3c0f3dd252acaa99a10010\"},\"description\":\"D\u00e9couvrez le Hall of Fame for Great Americans \u00e0 New York, un panth\u00e9on unique rendant hommage aux personnalit\u00e9s am\u00e9ricaines qui ont marqu\u00e9 l'histoire et servi l'humanit\u00e9.\",\"breadcrumb\":{\"@id\":\"https:\/\/frenchdistrict.com\/new-york\/articles\/hall-of-fame-for-great-americans-memorial-temple-du-remarquable\/#breadcrumb\"},\"inLanguage\":\"fr-FR\",\"potentialAction\":[{\"@type\":\"ReadAction\",\"target\":[\"https:\/\/frenchdistrict.com\/new-york\/articles\/hall-of-fame-for-great-americans-memorial-temple-du-remarquable\/\"]}]},{\"@type\":\"ImageObject\",\"inLanguage\":\"fr-FR\",\"@id\":\"https:\/\/frenchdistrict.com\/new-york\/articles\/hall-of-fame-for-great-americans-memorial-temple-du-remarquable\/#primaryimage\",\"url\":\"https:\/\/frenchdistrict.com\/new-york\/wp-content\/uploads\/sites\/3\/2015\/07\/hall-of-fame-for-great-americans-memorial-promenade.jpg\",\"contentUrl\":\"https:\/\/frenchdistrict.com\/new-york\/wp-content\/uploads\/sites\/3\/2015\/07\/hall-of-fame-for-great-americans-memorial-promenade.jpg\",\"width\":1920,\"height\":1409,\"caption\":\"Le Hall of Fame for Great Americans, un monument historique et architectural. Cr\u00e9dit photo : en-WP.\"},{\"@type\":\"BreadcrumbList\",\"@id\":\"https:\/\/frenchdistrict.com\/new-york\/articles\/hall-of-fame-for-great-americans-memorial-temple-du-remarquable\/#breadcrumb\",\"itemListElement\":[{\"@type\":\"ListItem\",\"position\":1,\"name\":\"New York\",\"item\":\"https:\/\/frenchdistrict.com\/new-york\/\"},{\"@type\":\"ListItem\",\"position\":2,\"name\":\"Culture\",\"item\":\"https:\/\/frenchdistrict.com\/new-york\/culture-etats-unis\/\"},{\"@type\":\"ListItem\",\"position\":3,\"name\":\"Hall of Fame for Great Americans\"}]},{\"@type\":\"WebSite\",\"@id\":\"https:\/\/frenchdistrict.com\/new-york\/#website\",\"url\":\"https:\/\/frenchdistrict.com\/new-york\/\",\"name\":\"New York\",\"description\":\"Le meilleur de  &lt;span&gt;New York&lt;\/span&gt; par ceux qui y vivent\",\"potentialAction\":[{\"@type\":\"SearchAction\",\"target\":{\"@type\":\"EntryPoint\",\"urlTemplate\":\"https:\/\/frenchdistrict.com\/new-york\/?s={search_term_string}\"},\"query-input\":{\"@type\":\"PropertyValueSpecification\",\"valueRequired\":true,\"valueName\":\"search_term_string\"}}],\"inLanguage\":\"fr-FR\"},{\"@type\":\"Person\",\"@id\":\"https:\/\/frenchdistrict.com\/new-york\/#\/schema\/person\/ca7493f7cf3c0f3dd252acaa99a10010\",\"name\":\"tZaFNBo4R9Yh\",\"image\":{\"@type\":\"ImageObject\",\"inLanguage\":\"fr-FR\",\"@id\":\"https:\/\/frenchdistrict.com\/new-york\/#\/schema\/person\/image\/\",\"url\":\"https:\/\/secure.gravatar.com\/avatar\/c5d139838ee2e960f5c78553852d2c0585ef569e33b9c3febd21e71f740396f1?s=96&d=mm&r=g\",\"contentUrl\":\"https:\/\/secure.gravatar.com\/avatar\/c5d139838ee2e960f5c78553852d2c0585ef569e33b9c3febd21e71f740396f1?s=96&d=mm&r=g\",\"caption\":\"tZaFNBo4R9Yh\"}}]}<\/script>\n<!-- \/ Yoast SEO plugin. -->","yoast_head_json":{"title":"Hall of Fame for Great Americans : le Panth\u00e9on des figures embl\u00e9matiques de l'Am\u00e9rique \u00e0 New York","description":"D\u00e9couvrez le Hall of Fame for Great Americans \u00e0 New York, un panth\u00e9on unique rendant hommage aux personnalit\u00e9s am\u00e9ricaines qui ont marqu\u00e9 l'histoire et servi l'humanit\u00e9.","robots":{"index":"index","follow":"follow","max-snippet":"max-snippet:-1","max-image-preview":"max-image-preview:large","max-video-preview":"max-video-preview:-1"},"canonical":"https:\/\/frenchdistrict.com\/new-york\/articles\/hall-of-fame-for-great-americans-memorial-temple-du-remarquable\/","og_locale":"fr_FR","og_type":"article","og_title":"Hall of Fame for Great Americans : le Panth\u00e9on des figures embl\u00e9matiques de l'Am\u00e9rique \u00e0 New York","og_description":"D\u00e9couvrez le Hall of Fame for Great Americans \u00e0 New York, un panth\u00e9on unique rendant hommage aux personnalit\u00e9s am\u00e9ricaines qui ont marqu\u00e9 l'histoire et servi l'humanit\u00e9.","og_url":"https:\/\/frenchdistrict.com\/new-york\/articles\/hall-of-fame-for-great-americans-memorial-temple-du-remarquable\/","og_site_name":"New York","article_publisher":"https:\/\/www.facebook.com\/frenchdistrict","article_published_time":"2026-02-15T05:00:00+00:00","article_modified_time":"2026-02-27T12:51:58+00:00","og_image":[{"width":1920,"height":1409,"url":"https:\/\/frenchdistrict.com\/new-york\/wp-content\/uploads\/sites\/3\/2015\/07\/hall-of-fame-for-great-americans-memorial-promenade.jpg","type":"image\/jpeg"}],"author":"tZaFNBo4R9Yh","twitter_card":"summary_large_image","twitter_creator":"@frenchdistrict","twitter_site":"@frenchdistrict","twitter_misc":{"\u00c9crit par":"tZaFNBo4R9Yh","Dur\u00e9e de lecture estim\u00e9e":"2 minutes"},"schema":{"@context":"https:\/\/schema.org","@graph":[{"@type":"WebPage","@id":"https:\/\/frenchdistrict.com\/new-york\/articles\/hall-of-fame-for-great-americans-memorial-temple-du-remarquable\/","url":"https:\/\/frenchdistrict.com\/new-york\/articles\/hall-of-fame-for-great-americans-memorial-temple-du-remarquable\/","name":"Hall of Fame for Great Americans : le Panth\u00e9on des figures embl\u00e9matiques de l'Am\u00e9rique \u00e0 New York","isPartOf":{"@id":"https:\/\/frenchdistrict.com\/new-york\/#website"},"primaryImageOfPage":{"@id":"https:\/\/frenchdistrict.com\/new-york\/articles\/hall-of-fame-for-great-americans-memorial-temple-du-remarquable\/#primaryimage"},"image":{"@id":"https:\/\/frenchdistrict.com\/new-york\/articles\/hall-of-fame-for-great-americans-memorial-temple-du-remarquable\/#primaryimage"},"thumbnailUrl":"https:\/\/frenchdistrict.com\/new-york\/wp-content\/uploads\/sites\/3\/2015\/07\/hall-of-fame-for-great-americans-memorial-promenade.jpg","datePublished":"2026-02-15T05:00:00+00:00","dateModified":"2026-02-27T12:51:58+00:00","author":{"@id":"https:\/\/frenchdistrict.com\/new-york\/#\/schema\/person\/ca7493f7cf3c0f3dd252acaa99a10010"},"description":"D\u00e9couvrez le Hall of Fame for Great Americans \u00e0 New York, un panth\u00e9on unique rendant hommage aux personnalit\u00e9s am\u00e9ricaines qui ont marqu\u00e9 l'histoire et servi l'humanit\u00e9.","breadcrumb":{"@id":"https:\/\/frenchdistrict.com\/new-york\/articles\/hall-of-fame-for-great-americans-memorial-temple-du-remarquable\/#breadcrumb"},"inLanguage":"fr-FR","potentialAction":[{"@type":"ReadAction","target":["https:\/\/frenchdistrict.com\/new-york\/articles\/hall-of-fame-for-great-americans-memorial-temple-du-remarquable\/"]}]},{"@type":"ImageObject","inLanguage":"fr-FR","@id":"https:\/\/frenchdistrict.com\/new-york\/articles\/hall-of-fame-for-great-americans-memorial-temple-du-remarquable\/#primaryimage","url":"https:\/\/frenchdistrict.com\/new-york\/wp-content\/uploads\/sites\/3\/2015\/07\/hall-of-fame-for-great-americans-memorial-promenade.jpg","contentUrl":"https:\/\/frenchdistrict.com\/new-york\/wp-content\/uploads\/sites\/3\/2015\/07\/hall-of-fame-for-great-americans-memorial-promenade.jpg","width":1920,"height":1409,"caption":"Le Hall of Fame for Great Americans, un monument historique et architectural. Cr\u00e9dit photo : en-WP."},{"@type":"BreadcrumbList","@id":"https:\/\/frenchdistrict.com\/new-york\/articles\/hall-of-fame-for-great-americans-memorial-temple-du-remarquable\/#breadcrumb","itemListElement":[{"@type":"ListItem","position":1,"name":"New York","item":"https:\/\/frenchdistrict.com\/new-york\/"},{"@type":"ListItem","position":2,"name":"Culture","item":"https:\/\/frenchdistrict.com\/new-york\/culture-etats-unis\/"},{"@type":"ListItem","position":3,"name":"Hall of Fame for Great Americans"}]},{"@type":"WebSite","@id":"https:\/\/frenchdistrict.com\/new-york\/#website","url":"https:\/\/frenchdistrict.com\/new-york\/","name":"New York","description":"Le meilleur de  &lt;span&gt;New York&lt;\/span&gt; par ceux qui y vivent","potentialAction":[{"@type":"SearchAction","target":{"@type":"EntryPoint","urlTemplate":"https:\/\/frenchdistrict.com\/new-york\/?s={search_term_string}"},"query-input":{"@type":"PropertyValueSpecification","valueRequired":true,"valueName":"search_term_string"}}],"inLanguage":"fr-FR"},{"@type":"Person","@id":"https:\/\/frenchdistrict.com\/new-york\/#\/schema\/person\/ca7493f7cf3c0f3dd252acaa99a10010","name":"tZaFNBo4R9Yh","image":{"@type":"ImageObject","inLanguage":"fr-FR","@id":"https:\/\/frenchdistrict.com\/new-york\/#\/schema\/person\/image\/","url":"https:\/\/secure.gravatar.com\/avatar\/c5d139838ee2e960f5c78553852d2c0585ef569e33b9c3febd21e71f740396f1?s=96&d=mm&r=g","contentUrl":"https:\/\/secure.gravatar.com\/avatar\/c5d139838ee2e960f5c78553852d2c0585ef569e33b9c3febd21e71f740396f1?s=96&d=mm&r=g","caption":"tZaFNBo4R9Yh"}}]}},"_links":{"self":[{"href":"https:\/\/frenchdistrict.com\/new-york\/wp-json\/wp\/v2\/posts\/15277","targetHints":{"allow":["GET"]}}],"collection":[{"href":"https:\/\/frenchdistrict.com\/new-york\/wp-json\/wp\/v2\/posts"}],"about":[{"href":"https:\/\/frenchdistrict.com\/new-york\/wp-json\/wp\/v2\/types\/post"}],"author":[{"embeddable":true,"href":"https:\/\/frenchdistrict.com\/new-york\/wp-json\/wp\/v2\/users\/1"}],"replies":[{"embeddable":true,"href":"https:\/\/frenchdistrict.com\/new-york\/wp-json\/wp\/v2\/comments?post=15277"}],"version-history":[{"count":8,"href":"https:\/\/frenchdistrict.com\/new-york\/wp-json\/wp\/v2\/posts\/15277\/revisions"}],"predecessor-version":[{"id":158431,"href":"https:\/\/frenchdistrict.com\/new-york\/wp-json\/wp\/v2\/posts\/15277\/revisions\/158431"}],"wp:featuredmedia":[{"embeddable":true,"href":"https:\/\/frenchdistrict.com\/new-york\/wp-json\/wp\/v2\/media\/158428"}],"wp:attachment":[{"href":"https:\/\/frenchdistrict.com\/new-york\/wp-json\/wp\/v2\/media?parent=15277"}],"wp:term":[{"taxonomy":"category","embeddable":true,"href":"https:\/\/frenchdistrict.com\/new-york\/wp-json\/wp\/v2\/categories?post=15277"},{"taxonomy":"post_tag","embeddable":true,"href":"https:\/\/frenchdistrict.com\/new-york\/wp-json\/wp\/v2\/tags?post=15277"}],"curies":[{"name":"wp","href":"https:\/\/api.w.org\/{rel}","templated":true}]}}