{"id":153192,"date":"2025-03-27T08:54:43","date_gmt":"2025-03-27T12:54:43","guid":{"rendered":"https:\/\/frenchdistrict.com\/new-york\/articles\/\/"},"modified":"2025-03-27T09:00:08","modified_gmt":"2025-03-27T13:00:08","slug":"serie-pop-art-wall-street-delphine-sellem-2025","status":"publish","type":"post","link":"https:\/\/frenchdistrict.com\/new-york\/articles\/serie-pop-art-wall-street-delphine-sellem-2025\/","title":{"rendered":"La s\u00e9rie Pop Art inspir\u00e9e de Wall Street de Delphine Sellem \u00e0 NYC en avril"},"content":{"rendered":"<p>La s\u00e9rie <strong>Bull &amp; Bear de Sellem<\/strong> explore audacieusement les intersections complexes entre finance, pouvoir et avidit\u00e9 soci\u00e9tale, \u00e0 travers une lentille \u00e0 la fois ludique, ac\u00e9r\u00e9e et critique. Inspir\u00e9e par les symboles embl\u00e9matiques du taureau et de l&#8217;ours de Wall Street, Sellem place ces figures puissantes dans des contextes inattendus, souvent humoristiques &#8211; matchs de boxe, parties de poker et autres sc\u00e9narios vivants qui soulignent les luttes de pouvoir au c\u0153ur du monde financier.<\/p>\n<p>Avec sa palette de couleurs audacieuse et ses compositions dynamiques, Sellem critique les couches complexes des structures soci\u00e9tales tout en infusant son travail d&#8217;un sens de l&#8217;ironie et de l&#8217;humour. Forte de son exp\u00e9rience pr\u00e9coce dans la finance, Sellem apporte une perspective unique \u00e0 son art, ayant une connaissance directe des dynamiques de pouvoir complexes de l&#8217;industrie. Cette collection offre un dialogue visuel qui r\u00e9sonne \u00e0 la fois avec les amateurs d&#8217;art et les passionn\u00e9s de finance, fusionnant l&#8217;esth\u00e9tique Pop Art avec un commentaire plus profond sur le pouvoir, l&#8217;avidit\u00e9 et l&#8217;exp\u00e9rience humaine.<\/p>\n<h2><strong>D\u00e9tails de l&#8217;Exposition<\/strong><\/h2>\n<p>Depuis 1978, <strong><a href=\"https:\/\/redwoodartgroup.com\/artexpo-new-york\/\" target=\"_blank\" rel=\"noopener\">Art Expo New York<\/a><\/strong> a transform\u00e9 la mani\u00e8re dont les gens ach\u00e8tent et vendent de l&#8217;art. Cette ann\u00e9e, l&#8217;\u00e9v\u00e9nement accueillera 170 galeries, artistes et \u00e9diteurs innovants du monde entier, pr\u00e9sentant des \u0153uvres d&#8217;art originales excitantes, des estampes, des peintures, des dessins, des sculptures, des photographies, des c\u00e9ramiques, des lithographies et plus encore. Il y en a pour tous les go\u00fbts, tous les espaces et tous les budgets.<\/p>\n<p>Se d\u00e9roulant \u00e0 <strong>Pier 36<\/strong> dans le quartier branch\u00e9 du Lower East Side de Manhattan, Art Expo New York met en lumi\u00e8re des artistes \u00e9mergents et iconiques, accueillant des personnalit\u00e9s allant d&#8217;Andy Warhol et Robert Rauschenberg \u00e0 Yayoi Kusama et Mr Brainwash.<\/p>\n<p>Art Expo New York est organis\u00e9 par Redwood Art Group, un leader dans la production de foires et d&#8217;expositions d&#8217;art. Redwood Art Group g\u00e8re plusieurs \u00e9v\u00e9nements de premier plan, dont Art Expo New York, Art San Diego, Art Santa Fe, Red Dot Miami et Spectrum Miami. Leur expertise dans la curation et l&#8217;organisation de foires d&#8217;art les a \u00e9tablis comme un acteur majeur de la communaut\u00e9 artistique mondiale.<\/p>\n<p><strong>Date de l&#8217;\u00c9v\u00e9nement : 3-6 avril 2025<br \/>\n<\/strong><strong>Lieu : Pier 36 NYC<\/strong> 299 South Street New York, NY 10002<br \/>\n<strong>Galerie VAN LEEUWEN ART STAND #217<br \/>\n<\/strong><strong>Galerie Van Leeuwen Art : Une Collaboration Excitante<\/strong><\/p>\n<p>Delphine est particuli\u00e8rement reconnaissante d&#8217;exposer avec<a href=\"https:\/\/vanleeuwenart.com\/delphine-sellem\/\" target=\"_blank\" rel=\"noopener\"> la prestigieuse Galerie Van Leeuwen Art<\/a>, qui pr\u00e9sente r\u00e9guli\u00e8rement une s\u00e9lection soigneusement choisie d&#8217;artistes lors de foires d&#8217;art \u00e0 travers les \u00c9tats-Unis.<\/p>\n<p>Van Leeuwen Art est connue pour son engagement \u00e0 soutenir de nouveaux talents et \u00e0 offrir des opportunit\u00e9s aux artistes \u00e9mergents pour briller. Avec un accent sur des perspectives audacieuses et innovantes, Van Leeuwen Art offre une plateforme aux artistes internationaux pour pr\u00e9senter leur cr\u00e9ativit\u00e9 \u00e0 un public plus large, aux c\u00f4t\u00e9s d&#8217;une collection soigneusement s\u00e9lectionn\u00e9e d&#8217;\u0153uvres d&#8217;art contemporaines.<\/p>\n<p><img loading=\"lazy\" decoding=\"async\" class=\"alignright wp-image-153194\" src=\"https:\/\/frenchdistrict.com\/new-york\/wp-content\/uploads\/sites\/3\/2025\/03\/Delphine-Sellem-Atelier-Peintre-576x1024.jpg\" alt=\"\" width=\"286\" height=\"508\" srcset=\"https:\/\/frenchdistrict.com\/new-york\/wp-content\/uploads\/sites\/3\/2025\/03\/Delphine-Sellem-Atelier-Peintre-576x1024.jpg 576w, https:\/\/frenchdistrict.com\/new-york\/wp-content\/uploads\/sites\/3\/2025\/03\/Delphine-Sellem-Atelier-Peintre-169x300.jpg 169w, https:\/\/frenchdistrict.com\/new-york\/wp-content\/uploads\/sites\/3\/2025\/03\/Delphine-Sellem-Atelier-Peintre-768x1365.jpg 768w, https:\/\/frenchdistrict.com\/new-york\/wp-content\/uploads\/sites\/3\/2025\/03\/Delphine-Sellem-Atelier-Peintre-864x1536.jpg 864w, https:\/\/frenchdistrict.com\/new-york\/wp-content\/uploads\/sites\/3\/2025\/03\/Delphine-Sellem-Atelier-Peintre-810x1440.jpg 810w, https:\/\/frenchdistrict.com\/new-york\/wp-content\/uploads\/sites\/3\/2025\/03\/Delphine-Sellem-Atelier-Peintre.jpg 900w\" sizes=\"auto, (max-width: 286px) 100vw, 286px\" \/><\/p>\n<h2><strong>Une Vie D\u00e9di\u00e9e \u00e0 l&#8217;Art et \u00e0 la Cr\u00e9ativit\u00e9<\/strong><\/h2>\n<p>Originaire de France, le parcours multiculturel de Delphine a influenc\u00e9 son travail tout au long de sa carri\u00e8re. Ayant v\u00e9cu en France, \u00e0 la Barbade, au Panama et aux \u00c9tats-Unis, son art refl\u00e8te ses riches exp\u00e9riences et les environnements vibrants et les communaut\u00e9s qui l&#8217;entourent. Avant de se consacrer pleinement \u00e0 la pratique de son art, Delphine a fond\u00e9 une \u00e9cole d&#8217;art communautaire prosp\u00e8re et a re\u00e7u des distinctions en tant qu&#8217;enseignante, notamment le Skevy Rallis Award of Honor et les honneurs de l&#8217;Enseignante de l&#8217;Ann\u00e9e.<\/p>\n<p>Delphine a naturellement fait la transition d&#8217;une carri\u00e8re ax\u00e9e principalement sur l&#8217;enseignement \u00e0 une carri\u00e8re d\u00e9di\u00e9e \u00e0 la cr\u00e9ation artistique ; elle embrasse d\u00e9sormais pleinement son identit\u00e9 d&#8217;artiste \u00e9mergente. Ce changement a \u00e9t\u00e9 encourag\u00e9 par son d\u00e9funt partenaire, David Berkovits, dont le soutien ind\u00e9fectible et la croyance en ses capacit\u00e9s ont inspir\u00e9 Delphine \u00e0 renforcer son engagement envers son art, sa passion et \u00e0 partager sa vision artistique avec le monde. Son influence est profond\u00e9ment tiss\u00e9e dans les \u0153uvres pr\u00e9sent\u00e9es dans la collection Bull &amp; Bear, faisant de cette exposition une \u00e9tape profond\u00e9ment personnelle dans le parcours artistique de Delphine.<\/p>\n","protected":false},"excerpt":{"rendered":"<p>La s\u00e9rie Bull &amp; Bear de Sellem explore audacieusement les intersections complexes entre finance, pouvoir et avidit\u00e9 soci\u00e9tale, \u00e0 travers une lentille \u00e0 la fois ludique, ac\u00e9r\u00e9e et critique. Inspir\u00e9e par les symboles embl\u00e9matiques du taureau et de l&#8217;ours de Wall Street, Sellem place ces figures puissantes dans des contextes inattendus, souvent humoristiques &#8211; matchs [&hellip;]<\/p>\n","protected":false},"author":6,"featured_media":153193,"comment_status":"open","ping_status":"open","sticky":false,"template":"","format":"standard","meta":{"_acf_changed":false,"footnotes":""},"categories":[1906],"tags":[59],"class_list":["post-153192","post","type-post","status-publish","format-standard","has-post-thumbnail","hentry","category-culture-etats-unis","tag-art"],"acf":[],"yoast_head":"<!-- This site is optimized with the Yoast SEO plugin v26.4 - https:\/\/yoast.com\/wordpress\/plugins\/seo\/ -->\n<title>La s\u00e9rie Pop Art inspir\u00e9e de Wall Street de Delphine Sellem<\/title>\n<meta name=\"description\" content=\"Delphine Sellem s&#039;appr\u00eate \u00e0 faire une entr\u00e9e remarqu\u00e9e \u00e0 Artexpo New York 2025 avec sa s\u00e9rie color\u00e9e Bull &amp; Bear Pop Art - une fusion frappante de la finance et\" \/>\n<meta name=\"robots\" content=\"index, follow, max-snippet:-1, max-image-preview:large, max-video-preview:-1\" \/>\n<link rel=\"canonical\" href=\"https:\/\/frenchdistrict.com\/new-york\/articles\/serie-pop-art-wall-street-delphine-sellem-2025\/\" \/>\n<meta property=\"og:locale\" content=\"fr_FR\" \/>\n<meta property=\"og:type\" content=\"article\" \/>\n<meta property=\"og:title\" content=\"La s\u00e9rie Pop Art inspir\u00e9e de Wall Street de Delphine Sellem\" \/>\n<meta property=\"og:description\" content=\"Delphine Sellem s&#039;appr\u00eate \u00e0 faire une entr\u00e9e remarqu\u00e9e \u00e0 Artexpo New York 2025 avec sa s\u00e9rie color\u00e9e Bull &amp; Bear Pop Art - une fusion frappante de la finance et\" \/>\n<meta property=\"og:url\" content=\"https:\/\/frenchdistrict.com\/new-york\/articles\/serie-pop-art-wall-street-delphine-sellem-2025\/\" \/>\n<meta property=\"og:site_name\" content=\"New York\" \/>\n<meta property=\"article:publisher\" content=\"https:\/\/www.facebook.com\/frenchdistrict\" \/>\n<meta property=\"article:published_time\" content=\"2025-03-27T12:54:43+00:00\" \/>\n<meta property=\"article:modified_time\" content=\"2025-03-27T13:00:08+00:00\" \/>\n<meta property=\"og:image\" content=\"https:\/\/frenchdistrict.com\/new-york\/wp-content\/uploads\/sites\/3\/2025\/03\/Delphine-Sellem-peintre-artexpo-new-york-2025.jpg\" \/>\n\t<meta property=\"og:image:width\" content=\"1920\" \/>\n\t<meta property=\"og:image:height\" content=\"1080\" \/>\n\t<meta property=\"og:image:type\" content=\"image\/jpeg\" \/>\n<meta name=\"author\" content=\"romain\" \/>\n<meta name=\"twitter:card\" content=\"summary_large_image\" \/>\n<meta name=\"twitter:creator\" content=\"@frenchdistrict\" \/>\n<meta name=\"twitter:site\" content=\"@frenchdistrict\" \/>\n<meta name=\"twitter:label1\" content=\"\u00c9crit par\" \/>\n\t<meta name=\"twitter:data1\" content=\"romain\" \/>\n\t<meta name=\"twitter:label2\" content=\"Dur\u00e9e de lecture estim\u00e9e\" \/>\n\t<meta name=\"twitter:data2\" content=\"4 minutes\" \/>\n<script type=\"application\/ld+json\" class=\"yoast-schema-graph\">{\"@context\":\"https:\/\/schema.org\",\"@graph\":[{\"@type\":\"WebPage\",\"@id\":\"https:\/\/frenchdistrict.com\/new-york\/articles\/serie-pop-art-wall-street-delphine-sellem-2025\/\",\"url\":\"https:\/\/frenchdistrict.com\/new-york\/articles\/serie-pop-art-wall-street-delphine-sellem-2025\/\",\"name\":\"La s\u00e9rie Pop Art inspir\u00e9e de Wall Street de Delphine Sellem\",\"isPartOf\":{\"@id\":\"https:\/\/frenchdistrict.com\/new-york\/#website\"},\"primaryImageOfPage\":{\"@id\":\"https:\/\/frenchdistrict.com\/new-york\/articles\/serie-pop-art-wall-street-delphine-sellem-2025\/#primaryimage\"},\"image\":{\"@id\":\"https:\/\/frenchdistrict.com\/new-york\/articles\/serie-pop-art-wall-street-delphine-sellem-2025\/#primaryimage\"},\"thumbnailUrl\":\"https:\/\/frenchdistrict.com\/new-york\/wp-content\/uploads\/sites\/3\/2025\/03\/Delphine-Sellem-peintre-artexpo-new-york-2025.jpg\",\"datePublished\":\"2025-03-27T12:54:43+00:00\",\"dateModified\":\"2025-03-27T13:00:08+00:00\",\"author\":{\"@id\":\"https:\/\/frenchdistrict.com\/new-york\/#\/schema\/person\/bddff6bdb0bfd71595d2642660455857\"},\"description\":\"Delphine Sellem s'appr\u00eate \u00e0 faire une entr\u00e9e remarqu\u00e9e \u00e0 Artexpo New York 2025 avec sa s\u00e9rie color\u00e9e Bull & Bear Pop Art - une fusion frappante de la finance et\",\"breadcrumb\":{\"@id\":\"https:\/\/frenchdistrict.com\/new-york\/articles\/serie-pop-art-wall-street-delphine-sellem-2025\/#breadcrumb\"},\"inLanguage\":\"fr-FR\",\"potentialAction\":[{\"@type\":\"ReadAction\",\"target\":[\"https:\/\/frenchdistrict.com\/new-york\/articles\/serie-pop-art-wall-street-delphine-sellem-2025\/\"]}]},{\"@type\":\"ImageObject\",\"inLanguage\":\"fr-FR\",\"@id\":\"https:\/\/frenchdistrict.com\/new-york\/articles\/serie-pop-art-wall-street-delphine-sellem-2025\/#primaryimage\",\"url\":\"https:\/\/frenchdistrict.com\/new-york\/wp-content\/uploads\/sites\/3\/2025\/03\/Delphine-Sellem-peintre-artexpo-new-york-2025.jpg\",\"contentUrl\":\"https:\/\/frenchdistrict.com\/new-york\/wp-content\/uploads\/sites\/3\/2025\/03\/Delphine-Sellem-peintre-artexpo-new-york-2025.jpg\",\"width\":1920,\"height\":1080},{\"@type\":\"BreadcrumbList\",\"@id\":\"https:\/\/frenchdistrict.com\/new-york\/articles\/serie-pop-art-wall-street-delphine-sellem-2025\/#breadcrumb\",\"itemListElement\":[{\"@type\":\"ListItem\",\"position\":1,\"name\":\"New York\",\"item\":\"https:\/\/frenchdistrict.com\/new-york\/\"},{\"@type\":\"ListItem\",\"position\":2,\"name\":\"Culture\",\"item\":\"https:\/\/frenchdistrict.com\/new-york\/culture-etats-unis\/\"},{\"@type\":\"ListItem\",\"position\":3,\"name\":\"La s\u00e9rie Pop Art inspir\u00e9e de Wall Street de Delphine Sellem \u00e0 NYC en avril\"}]},{\"@type\":\"WebSite\",\"@id\":\"https:\/\/frenchdistrict.com\/new-york\/#website\",\"url\":\"https:\/\/frenchdistrict.com\/new-york\/\",\"name\":\"New York\",\"description\":\"Le meilleur de  &lt;span&gt;New York&lt;\/span&gt; par ceux qui y vivent\",\"potentialAction\":[{\"@type\":\"SearchAction\",\"target\":{\"@type\":\"EntryPoint\",\"urlTemplate\":\"https:\/\/frenchdistrict.com\/new-york\/?s={search_term_string}\"},\"query-input\":{\"@type\":\"PropertyValueSpecification\",\"valueRequired\":true,\"valueName\":\"search_term_string\"}}],\"inLanguage\":\"fr-FR\"},{\"@type\":\"Person\",\"@id\":\"https:\/\/frenchdistrict.com\/new-york\/#\/schema\/person\/bddff6bdb0bfd71595d2642660455857\",\"name\":\"romain\",\"image\":{\"@type\":\"ImageObject\",\"inLanguage\":\"fr-FR\",\"@id\":\"https:\/\/frenchdistrict.com\/new-york\/#\/schema\/person\/image\/\",\"url\":\"https:\/\/secure.gravatar.com\/avatar\/d8f87e2b27e2bdf4a36704a76606b3690e140c7ea52e585d034c2b1b1e1f7f02?s=96&d=mm&r=g\",\"contentUrl\":\"https:\/\/secure.gravatar.com\/avatar\/d8f87e2b27e2bdf4a36704a76606b3690e140c7ea52e585d034c2b1b1e1f7f02?s=96&d=mm&r=g\",\"caption\":\"romain\"},\"sameAs\":[\"(305) 457-0208\"]}]}<\/script>\n<!-- \/ Yoast SEO plugin. -->","yoast_head_json":{"title":"La s\u00e9rie Pop Art inspir\u00e9e de Wall Street de Delphine Sellem","description":"Delphine Sellem s'appr\u00eate \u00e0 faire une entr\u00e9e remarqu\u00e9e \u00e0 Artexpo New York 2025 avec sa s\u00e9rie color\u00e9e Bull & Bear Pop Art - une fusion frappante de la finance et","robots":{"index":"index","follow":"follow","max-snippet":"max-snippet:-1","max-image-preview":"max-image-preview:large","max-video-preview":"max-video-preview:-1"},"canonical":"https:\/\/frenchdistrict.com\/new-york\/articles\/serie-pop-art-wall-street-delphine-sellem-2025\/","og_locale":"fr_FR","og_type":"article","og_title":"La s\u00e9rie Pop Art inspir\u00e9e de Wall Street de Delphine Sellem","og_description":"Delphine Sellem s'appr\u00eate \u00e0 faire une entr\u00e9e remarqu\u00e9e \u00e0 Artexpo New York 2025 avec sa s\u00e9rie color\u00e9e Bull & Bear Pop Art - une fusion frappante de la finance et","og_url":"https:\/\/frenchdistrict.com\/new-york\/articles\/serie-pop-art-wall-street-delphine-sellem-2025\/","og_site_name":"New York","article_publisher":"https:\/\/www.facebook.com\/frenchdistrict","article_published_time":"2025-03-27T12:54:43+00:00","article_modified_time":"2025-03-27T13:00:08+00:00","og_image":[{"width":1920,"height":1080,"url":"https:\/\/frenchdistrict.com\/new-york\/wp-content\/uploads\/sites\/3\/2025\/03\/Delphine-Sellem-peintre-artexpo-new-york-2025.jpg","type":"image\/jpeg"}],"author":"romain","twitter_card":"summary_large_image","twitter_creator":"@frenchdistrict","twitter_site":"@frenchdistrict","twitter_misc":{"\u00c9crit par":"romain","Dur\u00e9e de lecture estim\u00e9e":"4 minutes"},"schema":{"@context":"https:\/\/schema.org","@graph":[{"@type":"WebPage","@id":"https:\/\/frenchdistrict.com\/new-york\/articles\/serie-pop-art-wall-street-delphine-sellem-2025\/","url":"https:\/\/frenchdistrict.com\/new-york\/articles\/serie-pop-art-wall-street-delphine-sellem-2025\/","name":"La s\u00e9rie Pop Art inspir\u00e9e de Wall Street de Delphine Sellem","isPartOf":{"@id":"https:\/\/frenchdistrict.com\/new-york\/#website"},"primaryImageOfPage":{"@id":"https:\/\/frenchdistrict.com\/new-york\/articles\/serie-pop-art-wall-street-delphine-sellem-2025\/#primaryimage"},"image":{"@id":"https:\/\/frenchdistrict.com\/new-york\/articles\/serie-pop-art-wall-street-delphine-sellem-2025\/#primaryimage"},"thumbnailUrl":"https:\/\/frenchdistrict.com\/new-york\/wp-content\/uploads\/sites\/3\/2025\/03\/Delphine-Sellem-peintre-artexpo-new-york-2025.jpg","datePublished":"2025-03-27T12:54:43+00:00","dateModified":"2025-03-27T13:00:08+00:00","author":{"@id":"https:\/\/frenchdistrict.com\/new-york\/#\/schema\/person\/bddff6bdb0bfd71595d2642660455857"},"description":"Delphine Sellem s'appr\u00eate \u00e0 faire une entr\u00e9e remarqu\u00e9e \u00e0 Artexpo New York 2025 avec sa s\u00e9rie color\u00e9e Bull & Bear Pop Art - une fusion frappante de la finance et","breadcrumb":{"@id":"https:\/\/frenchdistrict.com\/new-york\/articles\/serie-pop-art-wall-street-delphine-sellem-2025\/#breadcrumb"},"inLanguage":"fr-FR","potentialAction":[{"@type":"ReadAction","target":["https:\/\/frenchdistrict.com\/new-york\/articles\/serie-pop-art-wall-street-delphine-sellem-2025\/"]}]},{"@type":"ImageObject","inLanguage":"fr-FR","@id":"https:\/\/frenchdistrict.com\/new-york\/articles\/serie-pop-art-wall-street-delphine-sellem-2025\/#primaryimage","url":"https:\/\/frenchdistrict.com\/new-york\/wp-content\/uploads\/sites\/3\/2025\/03\/Delphine-Sellem-peintre-artexpo-new-york-2025.jpg","contentUrl":"https:\/\/frenchdistrict.com\/new-york\/wp-content\/uploads\/sites\/3\/2025\/03\/Delphine-Sellem-peintre-artexpo-new-york-2025.jpg","width":1920,"height":1080},{"@type":"BreadcrumbList","@id":"https:\/\/frenchdistrict.com\/new-york\/articles\/serie-pop-art-wall-street-delphine-sellem-2025\/#breadcrumb","itemListElement":[{"@type":"ListItem","position":1,"name":"New York","item":"https:\/\/frenchdistrict.com\/new-york\/"},{"@type":"ListItem","position":2,"name":"Culture","item":"https:\/\/frenchdistrict.com\/new-york\/culture-etats-unis\/"},{"@type":"ListItem","position":3,"name":"La s\u00e9rie Pop Art inspir\u00e9e de Wall Street de Delphine Sellem \u00e0 NYC en avril"}]},{"@type":"WebSite","@id":"https:\/\/frenchdistrict.com\/new-york\/#website","url":"https:\/\/frenchdistrict.com\/new-york\/","name":"New York","description":"Le meilleur de  &lt;span&gt;New York&lt;\/span&gt; par ceux qui y vivent","potentialAction":[{"@type":"SearchAction","target":{"@type":"EntryPoint","urlTemplate":"https:\/\/frenchdistrict.com\/new-york\/?s={search_term_string}"},"query-input":{"@type":"PropertyValueSpecification","valueRequired":true,"valueName":"search_term_string"}}],"inLanguage":"fr-FR"},{"@type":"Person","@id":"https:\/\/frenchdistrict.com\/new-york\/#\/schema\/person\/bddff6bdb0bfd71595d2642660455857","name":"romain","image":{"@type":"ImageObject","inLanguage":"fr-FR","@id":"https:\/\/frenchdistrict.com\/new-york\/#\/schema\/person\/image\/","url":"https:\/\/secure.gravatar.com\/avatar\/d8f87e2b27e2bdf4a36704a76606b3690e140c7ea52e585d034c2b1b1e1f7f02?s=96&d=mm&r=g","contentUrl":"https:\/\/secure.gravatar.com\/avatar\/d8f87e2b27e2bdf4a36704a76606b3690e140c7ea52e585d034c2b1b1e1f7f02?s=96&d=mm&r=g","caption":"romain"},"sameAs":["(305) 457-0208"]}]}},"_links":{"self":[{"href":"https:\/\/frenchdistrict.com\/new-york\/wp-json\/wp\/v2\/posts\/153192","targetHints":{"allow":["GET"]}}],"collection":[{"href":"https:\/\/frenchdistrict.com\/new-york\/wp-json\/wp\/v2\/posts"}],"about":[{"href":"https:\/\/frenchdistrict.com\/new-york\/wp-json\/wp\/v2\/types\/post"}],"author":[{"embeddable":true,"href":"https:\/\/frenchdistrict.com\/new-york\/wp-json\/wp\/v2\/users\/6"}],"replies":[{"embeddable":true,"href":"https:\/\/frenchdistrict.com\/new-york\/wp-json\/wp\/v2\/comments?post=153192"}],"version-history":[{"count":4,"href":"https:\/\/frenchdistrict.com\/new-york\/wp-json\/wp\/v2\/posts\/153192\/revisions"}],"predecessor-version":[{"id":153198,"href":"https:\/\/frenchdistrict.com\/new-york\/wp-json\/wp\/v2\/posts\/153192\/revisions\/153198"}],"wp:featuredmedia":[{"embeddable":true,"href":"https:\/\/frenchdistrict.com\/new-york\/wp-json\/wp\/v2\/media\/153193"}],"wp:attachment":[{"href":"https:\/\/frenchdistrict.com\/new-york\/wp-json\/wp\/v2\/media?parent=153192"}],"wp:term":[{"taxonomy":"category","embeddable":true,"href":"https:\/\/frenchdistrict.com\/new-york\/wp-json\/wp\/v2\/categories?post=153192"},{"taxonomy":"post_tag","embeddable":true,"href":"https:\/\/frenchdistrict.com\/new-york\/wp-json\/wp\/v2\/tags?post=153192"}],"curies":[{"name":"wp","href":"https:\/\/api.w.org\/{rel}","templated":true}]}}