{"id":42934,"date":"2020-01-15T12:11:54","date_gmt":"2020-01-15T18:11:54","guid":{"rendered":"https:\/\/frenchdistrict.com\/texas\/articles\/\/"},"modified":"2020-01-16T03:50:05","modified_gmt":"2020-01-16T09:50:05","slug":"conferences-texas-retraite-fiscalite-france-etats-unis","status":"publish","type":"post","link":"https:\/\/frenchdistrict.com\/texas\/articles\/conferences-texas-retraite-fiscalite-france-etats-unis\/","title":{"rendered":"Conf\u00e9rences au Texas &#8211; Retraite &amp; Fiscalit\u00e9 fran\u00e7aise"},"content":{"rendered":"<p>Une s\u00e9rie de <strong>conf\u00e9rences au Texas<\/strong> sont organis\u00e9es par<strong> Jade Fiducial<\/strong>. Le sujet ? Les<strong> r\u00e8gles des retraites fran\u00e7aises et de la s\u00e9curit\u00e9 sociale<\/strong>.<\/p>\n<p>Sophie Nguyen, Olivier Sureau et l\u2019\u00e9quipe de Jade Fiducial vous invitent \u00e0 une r\u00e9union d\u2019information organis\u00e9e par l\u2019UFE afin de <strong>tout savoir sur la s\u00e9curit\u00e9 sociale, vos droits \u00e0 la retraite<\/strong> et les r\u00e8gles qui s\u2019appliquent.<\/p>\n<p>Un v\u00e9ritable mode d\u2019emploi pour mieux comprendre les diff\u00e9rentes options et situations concernant votre <strong>retraite<\/strong>!<\/p>\n<p><img loading=\"lazy\" decoding=\"async\" class=\"aligncenter size-large wp-image-42935\" src=\"https:\/\/frenchdistrict.com\/texas\/wp-content\/uploads\/sites\/10\/2020\/01\/news-conference-texas-1024x512.png\" alt=\"news-conference-texas\" width=\"810\" height=\"405\" srcset=\"https:\/\/frenchdistrict.com\/texas\/wp-content\/uploads\/sites\/10\/2020\/01\/news-conference-texas-1024x512.png 1024w, https:\/\/frenchdistrict.com\/texas\/wp-content\/uploads\/sites\/10\/2020\/01\/news-conference-texas-300x150.png 300w, https:\/\/frenchdistrict.com\/texas\/wp-content\/uploads\/sites\/10\/2020\/01\/news-conference-texas-768x384.png 768w, https:\/\/frenchdistrict.com\/texas\/wp-content\/uploads\/sites\/10\/2020\/01\/news-conference-texas-1536x768.png 1536w, https:\/\/frenchdistrict.com\/texas\/wp-content\/uploads\/sites\/10\/2020\/01\/news-conference-texas-2048x1024.png 2048w, https:\/\/frenchdistrict.com\/texas\/wp-content\/uploads\/sites\/10\/2020\/01\/news-conference-texas-810x405.png 810w, https:\/\/frenchdistrict.com\/texas\/wp-content\/uploads\/sites\/10\/2020\/01\/news-conference-texas-1140x570.png 1140w\" sizes=\"auto, (max-width: 810px) 100vw, 810px\" \/><\/p>\n<p><strong><i class=\"fa fa-clock-o\" aria-hidden=\"true\"><\/i> Quand ?<\/strong> 21 janvier 2020 \u00e0 17h<br \/>\n<strong><i class=\"fa fa-map-marker\" aria-hidden=\"true\"><\/i> O\u00f9 ?<\/strong> Houston, TX<\/p>\n<p><span style=\"font-weight: 400\"><style>\r\n\t.infos-listing-three-columns-last {float:none;}<\/style>\r\n\t\t<div class=\"infos-listing\" style=\"margin:2rem 0;\">\r\n\t\r\n\t\t\t<div class=\"article-info address infos-listing__address\" style=\"padding-bottom:0\" itemprop=\"location\" itemscope itemtype=\"https:\/\/schema.org\/Place\"><strong itemprop=\"name\"><i class=\"fa fa-map-marker\" aria-hidden=\"true\"><\/i>Awty International School<\/strong><br><div itemprop=\"address\" itemscope itemtype=\"https:\/\/schema.org\/PostalAddress\"><span itemprop=\"streetAddress\">7455 Awty School Ln, Houston, T<\/span><br><span itemprop=\"addressLocality\">Houston<\/span>,<span itemprop=\"addressRegion\"> TV<\/span> <span itemprop=\"postalCode\">77055<\/span>\r\n\t\t\t\t<\/div>\r\n\t\t\t<\/div><\/div><\/span><\/p>\n<p><strong><i class=\"fa fa-clock-o\" aria-hidden=\"true\"><\/i> Quand ?<\/strong> 22 janvier 2020 \u00e0 17h<br \/>\n<strong><i class=\"fa fa-map-marker\" aria-hidden=\"true\"><\/i> O\u00f9 ?<\/strong> San Antonio, TX<\/p>\n<p><strong><i class=\"fa fa-clock-o\" aria-hidden=\"true\"><\/i> Quand ?<\/strong> 23 janvier 2020 \u00e0 17h<br \/>\n<strong><i class=\"fa fa-map-marker\" aria-hidden=\"true\"><\/i> O\u00f9 ?<\/strong> Austin, TX<\/p>\n<p><span style=\"font-weight: 400\"><style>\r\n\t.infos-listing-three-columns-last {float:none;}<\/style>\r\n\t\t<div class=\"infos-listing\" style=\"margin:2rem 0;\">\r\n\t\r\n\t\t\t<div class=\"article-info address infos-listing__address\" style=\"padding-bottom:0\" itemprop=\"location\" itemscope itemtype=\"https:\/\/schema.org\/Place\"><strong itemprop=\"name\"><i class=\"fa fa-map-marker\" aria-hidden=\"true\"><\/i>Austin International School<\/strong><br><div itemprop=\"address\" itemscope itemtype=\"https:\/\/schema.org\/PostalAddress\"><span itemprop=\"streetAddress\">4001 Adelphi Lane <\/span><br><span itemprop=\"addressLocality\">Austin<\/span>,<span itemprop=\"addressRegion\"> TX<\/span> <span itemprop=\"postalCode\">78727<\/span>\r\n\t\t\t\t<\/div>\r\n\t\t\t<\/div><\/div><\/span><\/p>\n<p><strong><i class=\"fa fa-clock-o\" aria-hidden=\"true\"><\/i> Quand ?<\/strong> 25 janvier 2020 \u00e0 10h<br \/>\n<strong><i class=\"fa fa-map-marker\" aria-hidden=\"true\"><\/i> O\u00f9 ?<\/strong> Dallas, TX<\/p>\n<p><span style=\"font-weight: 400\"><style>\r\n\t.infos-listing-three-columns-last {float:none;}<\/style>\r\n\t\t<div class=\"infos-listing\" style=\"margin:2rem 0;\">\r\n\t\r\n\t\t\t<div class=\"article-info address infos-listing__address\" style=\"padding-bottom:0\" itemprop=\"location\" itemscope itemtype=\"https:\/\/schema.org\/Place\"><strong itemprop=\"name\"><i class=\"fa fa-map-marker\" aria-hidden=\"true\"><\/i>Dallas International School Waterview Campus<\/strong><br><div itemprop=\"address\" itemscope itemtype=\"https:\/\/schema.org\/PostalAddress\"><span itemprop=\"streetAddress\">17811 Waterview Pkwy<\/span><br><span itemprop=\"addressLocality\">Dallas<\/span>,<span itemprop=\"addressRegion\"> TX<\/span> <span itemprop=\"postalCode\">75252<\/span>\r\n\t\t\t\t<\/div>\r\n\t\t\t<\/div><\/div><\/span><\/p>\n<p><strong>Places limit\u00e9es<\/strong>. Entr\u00e9e libre sur inscription obligatoire.<\/p>\n<p><strong>Inscriptions aux Conf\u00e9rences<\/strong> : <a href=\"https:\/\/docs.google.com\/forms\/u\/1\/d\/e\/1FAIpQLScYioswDvMHguvAU04rNajanCoC2vROPUHEN_t9ms11gySnKQ\/viewform\" target=\"_blank\" rel=\"noopener noreferrer\">https:\/\/docs.google.com\/forms\/u\/1\/d\/e\/1FAIpQLScYioswDvMHguvAU04rNajanCoC2vROPUHEN_t9ms11gySnKQ\/viewform<\/a><\/p>\n<h3>Le programme de chaque conf\u00e9rence :<\/h3>\n<p><strong><i class=\"fa fa-clock-o\" aria-hidden=\"true\"><\/i> <\/strong>17h00 (10h00 Dallas) Accueil des participants<\/p>\n<p><strong><i class=\"fa fa-clock-o\" aria-hidden=\"true\"><\/i> <\/strong>17h30 (10h15 Dallas) Introduction de la soir\u00e9e<\/p>\n<p><strong><i class=\"fa fa-clock-o\" aria-hidden=\"true\"><\/i> <\/strong>18h00 (10h30 Dallas) Retraites des r\u00e9gimes obligatoires fran\u00e7ais et am\u00e9ricains.<\/p>\n<p>Pr\u00e9sent\u00e9 par Philippe Plantadi,<\/p>\n<p>Philippe Plantadi a travaill\u00e9 dans diff\u00e9rentes caisses de retraite en France avant son <strong>expatriation aux Etats-Unis<\/strong>. Depuis, il a rejoint Novelvy Retraite et est devenu l&#8217;interlocuteur privil\u00e9gi\u00e9 des expatri\u00e9s aux carri\u00e8res atypiques en tenant des conf\u00e9rences d&#8217;information sur les droits de retraites aupr\u00e8s des communaut\u00e9s fran\u00e7aises des \u00c9tats-Unis notamment.<\/p>\n<p>Philippe pr\u00e9sentera les r\u00e8gles d&#8217;obtention et de<strong> calcul des retraites fran\u00e7aises et am\u00e9ricaines<\/strong>, l&#8217;impact des conventions de <strong>s\u00e9curit\u00e9 sociale<\/strong> et accords internationaux, les options d\u2019optimisations qui s&#8217;offrent aux expatri\u00e9s et l&#8217;acc\u00e8s \u00e0 l&#8217;assurance maladie lors de la retraite. Le projet de r\u00e9forme des retraites sera \u00e9galement \u00e9voqu\u00e9. Pour plus d\u2019information, visitez le site<a href=\"https:\/\/novelvyexpat.com\/wp\/\" target=\"_blank\" rel=\"noopener noreferrer\"> www.novelvyexpat.com<\/a>.<\/p>\n<p><strong><i class=\"fa fa-clock-o\" aria-hidden=\"true\"><\/i> <\/strong>18h45 (11h15 Dallas)<strong> Fiscalit\u00e9 internationale des retraites<\/strong><\/p>\n<p>Pr\u00e9sent\u00e9 par Olivier Sureau,<\/p>\n<p>Olivier Sureau, Expert Comptable Dipl\u00f4m\u00e9 et \u00e9galement Certified Public Accountant, est Partenaire du cabinet<strong> JADE FIDUCIAL<\/strong>. Fort d\u2019une exp\u00e9rience de plus de 20 ans dans le domaine des taxes internationales, Olivier est sp\u00e9cialiste des trait\u00e9s fiscaux sign\u00e9s entre la France et les <strong>Etats-Unis<\/strong>. Il apporte des r\u00e9ponses claires aux situations complexes dans\u00a0 lesquelles se trouvent les Fran\u00e7ais r\u00e9sidents aux <strong>Etats-Unis<\/strong>. Olivier pr\u00e9sentera le traitement fiscal des retraites en France et aux Etats-Unis, ainsi que l&#8217;impact de la convention fiscale. Pour plus d\u2019information, visitez le site www.jade-fiducial.com<\/p>\n<p><strong><i class=\"fa fa-clock-o\" aria-hidden=\"true\"><\/i> <\/strong>19h05 (11h40 Dallas) <strong>\u00c9pargne retraite salariale aux \u00c9t<\/strong><strong>ats-Unis<\/strong><\/p>\n<p>Pr\u00e9sent\u00e9 par Alexandre Quantin,<\/p>\n<p>Alexandre Quantin est partenaire du cabinet de gestion priv\u00e9e <strong>USAFrance Financials<\/strong>. Il a commenc\u00e9 sa carri\u00e8re au sein de BNP Paribas Private Banking et du Cr\u00e9dit Agricole CIB. Alexandre d\u00e9tient un Master sp\u00e9cialis\u00e9 en finance de l&#8217;ICN Business School de Nancy, ainsi qu&#8217;un MBA en Investment Management de Duquesne Univeristy \u00e0 Pittsbrugh, PA. Il accompagne au quotidien les Fran\u00e7ais dans la gestion de leurs <strong>probl\u00e9matiques financi\u00e8res aux \u00c9tats-Unis<\/strong> : strat\u00e9gies de succession, retraite et protection familiale. Alexandre pr\u00e9sentera les aspects de la retraite d\u2019entreprise et l\u2019\u00e9pargne salariale.<\/p>\n<p><strong><i class=\"fa fa-clock-o\" aria-hidden=\"true\"><\/i> <\/strong>19h30 (12h00 Dallas)\u00a0 Questions \/ R\u00e9ponses<br \/>\n<strong><i class=\"fa fa-clock-o\" aria-hidden=\"true\"><\/i> <\/strong>19h50 (12h20 Dallas) Cocktail<\/p>\n<p>&nbsp;<\/p>\n","protected":false},"excerpt":{"rendered":"<p>Une s\u00e9rie de conf\u00e9rences au Texas sont organis\u00e9es par Jade Fiducial. Le sujet ? Les r\u00e8gles des retraites fran\u00e7aises et de la s\u00e9curit\u00e9 sociale. Sophie Nguyen, Olivier Sureau et l\u2019\u00e9quipe de Jade Fiducial vous invitent \u00e0 une r\u00e9union d\u2019information organis\u00e9e par l\u2019UFE afin de tout savoir sur la s\u00e9curit\u00e9 sociale, vos droits \u00e0 la retraite [&hellip;]<\/p>\n","protected":false},"author":10540,"featured_media":42940,"comment_status":"open","ping_status":"open","sticky":false,"template":"","format":"standard","meta":{"_acf_changed":false,"footnotes":""},"categories":[156],"tags":[],"class_list":["post-42934","post","type-post","status-publish","format-standard","has-post-thumbnail","hentry","category-news-evenements"],"acf":[],"yoast_head":"<!-- This site is optimized with the Yoast SEO plugin v26.4 - https:\/\/yoast.com\/wordpress\/plugins\/seo\/ -->\n<title>Conf\u00e9rences au Texas - Retraite &amp; Fiscalit\u00e9 fran\u00e7aise - Texas<\/title>\n<meta name=\"robots\" content=\"index, follow, max-snippet:-1, max-image-preview:large, max-video-preview:-1\" \/>\n<link rel=\"canonical\" href=\"https:\/\/frenchdistrict.com\/texas\/articles\/conferences-texas-retraite-fiscalite-france-etats-unis\/\" \/>\n<meta property=\"og:locale\" content=\"fr_FR\" \/>\n<meta property=\"og:type\" content=\"article\" \/>\n<meta property=\"og:title\" content=\"Conf\u00e9rences au Texas - Retraite &amp; Fiscalit\u00e9 fran\u00e7aise - Texas\" \/>\n<meta property=\"og:description\" content=\"Une s\u00e9rie de conf\u00e9rences au Texas sont organis\u00e9es par Jade Fiducial. Le sujet ? Les r\u00e8gles des retraites fran\u00e7aises et de la s\u00e9curit\u00e9 sociale. Sophie Nguyen, Olivier Sureau et l\u2019\u00e9quipe de Jade Fiducial vous invitent \u00e0 une r\u00e9union d\u2019information organis\u00e9e par l\u2019UFE afin de tout savoir sur la s\u00e9curit\u00e9 sociale, vos droits \u00e0 la retraite [&hellip;]\" \/>\n<meta property=\"og:url\" content=\"https:\/\/frenchdistrict.com\/texas\/articles\/conferences-texas-retraite-fiscalite-france-etats-unis\/\" \/>\n<meta property=\"og:site_name\" content=\"Texas\" \/>\n<meta property=\"article:publisher\" content=\"https:\/\/www.facebook.com\/frenchdistrict\" \/>\n<meta property=\"article:published_time\" content=\"2020-01-15T18:11:54+00:00\" \/>\n<meta property=\"article:modified_time\" content=\"2020-01-16T09:50:05+00:00\" \/>\n<meta property=\"og:image\" content=\"https:\/\/frenchdistrict.com\/texas\/wp-content\/uploads\/sites\/10\/2020\/01\/new-jade-conference-texas2.jpg\" \/>\n\t<meta property=\"og:image:width\" content=\"1600\" \/>\n\t<meta property=\"og:image:height\" content=\"1094\" \/>\n\t<meta property=\"og:image:type\" content=\"image\/jpeg\" \/>\n<meta name=\"author\" content=\"Marie Le Gall\" \/>\n<meta name=\"twitter:card\" content=\"summary_large_image\" \/>\n<meta name=\"twitter:creator\" content=\"@frenchdistrict\" \/>\n<meta name=\"twitter:site\" content=\"@frenchdistrict\" \/>\n<meta name=\"twitter:label1\" content=\"\u00c9crit par\" \/>\n\t<meta name=\"twitter:data1\" content=\"Marie Le Gall\" \/>\n\t<meta name=\"twitter:label2\" content=\"Dur\u00e9e de lecture estim\u00e9e\" \/>\n\t<meta name=\"twitter:data2\" content=\"3 minutes\" \/>\n<script type=\"application\/ld+json\" class=\"yoast-schema-graph\">{\"@context\":\"https:\/\/schema.org\",\"@graph\":[{\"@type\":\"WebPage\",\"@id\":\"https:\/\/frenchdistrict.com\/texas\/articles\/conferences-texas-retraite-fiscalite-france-etats-unis\/\",\"url\":\"https:\/\/frenchdistrict.com\/texas\/articles\/conferences-texas-retraite-fiscalite-france-etats-unis\/\",\"name\":\"Conf\u00e9rences au Texas - Retraite &amp; Fiscalit\u00e9 fran\u00e7aise - Texas\",\"isPartOf\":{\"@id\":\"https:\/\/frenchdistrict.com\/texas\/#website\"},\"primaryImageOfPage\":{\"@id\":\"https:\/\/frenchdistrict.com\/texas\/articles\/conferences-texas-retraite-fiscalite-france-etats-unis\/#primaryimage\"},\"image\":{\"@id\":\"https:\/\/frenchdistrict.com\/texas\/articles\/conferences-texas-retraite-fiscalite-france-etats-unis\/#primaryimage\"},\"thumbnailUrl\":\"https:\/\/frenchdistrict.com\/texas\/wp-content\/uploads\/sites\/10\/2020\/01\/new-jade-conference-texas2.jpg\",\"datePublished\":\"2020-01-15T18:11:54+00:00\",\"dateModified\":\"2020-01-16T09:50:05+00:00\",\"author\":{\"@id\":\"https:\/\/frenchdistrict.com\/texas\/#\/schema\/person\/899534d9b38a600901deb556b6fc6053\"},\"breadcrumb\":{\"@id\":\"https:\/\/frenchdistrict.com\/texas\/articles\/conferences-texas-retraite-fiscalite-france-etats-unis\/#breadcrumb\"},\"inLanguage\":\"fr-FR\",\"potentialAction\":[{\"@type\":\"ReadAction\",\"target\":[\"https:\/\/frenchdistrict.com\/texas\/articles\/conferences-texas-retraite-fiscalite-france-etats-unis\/\"]}]},{\"@type\":\"ImageObject\",\"inLanguage\":\"fr-FR\",\"@id\":\"https:\/\/frenchdistrict.com\/texas\/articles\/conferences-texas-retraite-fiscalite-france-etats-unis\/#primaryimage\",\"url\":\"https:\/\/frenchdistrict.com\/texas\/wp-content\/uploads\/sites\/10\/2020\/01\/new-jade-conference-texas2.jpg\",\"contentUrl\":\"https:\/\/frenchdistrict.com\/texas\/wp-content\/uploads\/sites\/10\/2020\/01\/new-jade-conference-texas2.jpg\",\"width\":1600,\"height\":1094,\"caption\":\"new-jade-conference-texas2\"},{\"@type\":\"BreadcrumbList\",\"@id\":\"https:\/\/frenchdistrict.com\/texas\/articles\/conferences-texas-retraite-fiscalite-france-etats-unis\/#breadcrumb\",\"itemListElement\":[{\"@type\":\"ListItem\",\"position\":1,\"name\":\"Texas\",\"item\":\"https:\/\/frenchdistrict.com\/texas\/\"},{\"@type\":\"ListItem\",\"position\":2,\"name\":\"News\",\"item\":\"https:\/\/frenchdistrict.com\/texas\/news-evenements\/\"},{\"@type\":\"ListItem\",\"position\":3,\"name\":\"Conf\u00e9rences au Texas &#8211; Retraite &amp; Fiscalit\u00e9 fran\u00e7aise\"}]},{\"@type\":\"WebSite\",\"@id\":\"https:\/\/frenchdistrict.com\/texas\/#website\",\"url\":\"https:\/\/frenchdistrict.com\/texas\/\",\"name\":\"Texas\",\"description\":\"Le meilleur du &lt;span&gt;Texas&lt;\/span&gt; par ceux qui y vivent\",\"potentialAction\":[{\"@type\":\"SearchAction\",\"target\":{\"@type\":\"EntryPoint\",\"urlTemplate\":\"https:\/\/frenchdistrict.com\/texas\/?s={search_term_string}\"},\"query-input\":{\"@type\":\"PropertyValueSpecification\",\"valueRequired\":true,\"valueName\":\"search_term_string\"}}],\"inLanguage\":\"fr-FR\"},{\"@type\":\"Person\",\"@id\":\"https:\/\/frenchdistrict.com\/texas\/#\/schema\/person\/899534d9b38a600901deb556b6fc6053\",\"name\":\"Marie Le Gall\",\"image\":{\"@type\":\"ImageObject\",\"inLanguage\":\"fr-FR\",\"@id\":\"https:\/\/frenchdistrict.com\/texas\/#\/schema\/person\/image\/\",\"url\":\"https:\/\/secure.gravatar.com\/avatar\/f944469520ba366e05f2440d432b16781c288835b62cd348606583b497b87554?s=96&d=mm&r=g\",\"contentUrl\":\"https:\/\/secure.gravatar.com\/avatar\/f944469520ba366e05f2440d432b16781c288835b62cd348606583b497b87554?s=96&d=mm&r=g\",\"caption\":\"Marie Le Gall\"},\"sameAs\":[\"https:\/\/plus.google.com\/118038298819452310766\"]}]}<\/script>\n<!-- \/ Yoast SEO plugin. -->","yoast_head_json":{"title":"Conf\u00e9rences au Texas - Retraite &amp; Fiscalit\u00e9 fran\u00e7aise - Texas","robots":{"index":"index","follow":"follow","max-snippet":"max-snippet:-1","max-image-preview":"max-image-preview:large","max-video-preview":"max-video-preview:-1"},"canonical":"https:\/\/frenchdistrict.com\/texas\/articles\/conferences-texas-retraite-fiscalite-france-etats-unis\/","og_locale":"fr_FR","og_type":"article","og_title":"Conf\u00e9rences au Texas - Retraite &amp; Fiscalit\u00e9 fran\u00e7aise - Texas","og_description":"Une s\u00e9rie de conf\u00e9rences au Texas sont organis\u00e9es par Jade Fiducial. Le sujet ? Les r\u00e8gles des retraites fran\u00e7aises et de la s\u00e9curit\u00e9 sociale. Sophie Nguyen, Olivier Sureau et l\u2019\u00e9quipe de Jade Fiducial vous invitent \u00e0 une r\u00e9union d\u2019information organis\u00e9e par l\u2019UFE afin de tout savoir sur la s\u00e9curit\u00e9 sociale, vos droits \u00e0 la retraite [&hellip;]","og_url":"https:\/\/frenchdistrict.com\/texas\/articles\/conferences-texas-retraite-fiscalite-france-etats-unis\/","og_site_name":"Texas","article_publisher":"https:\/\/www.facebook.com\/frenchdistrict","article_published_time":"2020-01-15T18:11:54+00:00","article_modified_time":"2020-01-16T09:50:05+00:00","og_image":[{"width":1600,"height":1094,"url":"https:\/\/frenchdistrict.com\/texas\/wp-content\/uploads\/sites\/10\/2020\/01\/new-jade-conference-texas2.jpg","type":"image\/jpeg"}],"author":"Marie Le Gall","twitter_card":"summary_large_image","twitter_creator":"@frenchdistrict","twitter_site":"@frenchdistrict","twitter_misc":{"\u00c9crit par":"Marie Le Gall","Dur\u00e9e de lecture estim\u00e9e":"3 minutes"},"schema":{"@context":"https:\/\/schema.org","@graph":[{"@type":"WebPage","@id":"https:\/\/frenchdistrict.com\/texas\/articles\/conferences-texas-retraite-fiscalite-france-etats-unis\/","url":"https:\/\/frenchdistrict.com\/texas\/articles\/conferences-texas-retraite-fiscalite-france-etats-unis\/","name":"Conf\u00e9rences au Texas - Retraite &amp; Fiscalit\u00e9 fran\u00e7aise - Texas","isPartOf":{"@id":"https:\/\/frenchdistrict.com\/texas\/#website"},"primaryImageOfPage":{"@id":"https:\/\/frenchdistrict.com\/texas\/articles\/conferences-texas-retraite-fiscalite-france-etats-unis\/#primaryimage"},"image":{"@id":"https:\/\/frenchdistrict.com\/texas\/articles\/conferences-texas-retraite-fiscalite-france-etats-unis\/#primaryimage"},"thumbnailUrl":"https:\/\/frenchdistrict.com\/texas\/wp-content\/uploads\/sites\/10\/2020\/01\/new-jade-conference-texas2.jpg","datePublished":"2020-01-15T18:11:54+00:00","dateModified":"2020-01-16T09:50:05+00:00","author":{"@id":"https:\/\/frenchdistrict.com\/texas\/#\/schema\/person\/899534d9b38a600901deb556b6fc6053"},"breadcrumb":{"@id":"https:\/\/frenchdistrict.com\/texas\/articles\/conferences-texas-retraite-fiscalite-france-etats-unis\/#breadcrumb"},"inLanguage":"fr-FR","potentialAction":[{"@type":"ReadAction","target":["https:\/\/frenchdistrict.com\/texas\/articles\/conferences-texas-retraite-fiscalite-france-etats-unis\/"]}]},{"@type":"ImageObject","inLanguage":"fr-FR","@id":"https:\/\/frenchdistrict.com\/texas\/articles\/conferences-texas-retraite-fiscalite-france-etats-unis\/#primaryimage","url":"https:\/\/frenchdistrict.com\/texas\/wp-content\/uploads\/sites\/10\/2020\/01\/new-jade-conference-texas2.jpg","contentUrl":"https:\/\/frenchdistrict.com\/texas\/wp-content\/uploads\/sites\/10\/2020\/01\/new-jade-conference-texas2.jpg","width":1600,"height":1094,"caption":"new-jade-conference-texas2"},{"@type":"BreadcrumbList","@id":"https:\/\/frenchdistrict.com\/texas\/articles\/conferences-texas-retraite-fiscalite-france-etats-unis\/#breadcrumb","itemListElement":[{"@type":"ListItem","position":1,"name":"Texas","item":"https:\/\/frenchdistrict.com\/texas\/"},{"@type":"ListItem","position":2,"name":"News","item":"https:\/\/frenchdistrict.com\/texas\/news-evenements\/"},{"@type":"ListItem","position":3,"name":"Conf\u00e9rences au Texas &#8211; Retraite &amp; Fiscalit\u00e9 fran\u00e7aise"}]},{"@type":"WebSite","@id":"https:\/\/frenchdistrict.com\/texas\/#website","url":"https:\/\/frenchdistrict.com\/texas\/","name":"Texas","description":"Le meilleur du &lt;span&gt;Texas&lt;\/span&gt; par ceux qui y vivent","potentialAction":[{"@type":"SearchAction","target":{"@type":"EntryPoint","urlTemplate":"https:\/\/frenchdistrict.com\/texas\/?s={search_term_string}"},"query-input":{"@type":"PropertyValueSpecification","valueRequired":true,"valueName":"search_term_string"}}],"inLanguage":"fr-FR"},{"@type":"Person","@id":"https:\/\/frenchdistrict.com\/texas\/#\/schema\/person\/899534d9b38a600901deb556b6fc6053","name":"Marie Le Gall","image":{"@type":"ImageObject","inLanguage":"fr-FR","@id":"https:\/\/frenchdistrict.com\/texas\/#\/schema\/person\/image\/","url":"https:\/\/secure.gravatar.com\/avatar\/f944469520ba366e05f2440d432b16781c288835b62cd348606583b497b87554?s=96&d=mm&r=g","contentUrl":"https:\/\/secure.gravatar.com\/avatar\/f944469520ba366e05f2440d432b16781c288835b62cd348606583b497b87554?s=96&d=mm&r=g","caption":"Marie Le Gall"},"sameAs":["https:\/\/plus.google.com\/118038298819452310766"]}]}},"_links":{"self":[{"href":"https:\/\/frenchdistrict.com\/texas\/wp-json\/wp\/v2\/posts\/42934","targetHints":{"allow":["GET"]}}],"collection":[{"href":"https:\/\/frenchdistrict.com\/texas\/wp-json\/wp\/v2\/posts"}],"about":[{"href":"https:\/\/frenchdistrict.com\/texas\/wp-json\/wp\/v2\/types\/post"}],"author":[{"embeddable":true,"href":"https:\/\/frenchdistrict.com\/texas\/wp-json\/wp\/v2\/users\/10540"}],"replies":[{"embeddable":true,"href":"https:\/\/frenchdistrict.com\/texas\/wp-json\/wp\/v2\/comments?post=42934"}],"version-history":[{"count":10,"href":"https:\/\/frenchdistrict.com\/texas\/wp-json\/wp\/v2\/posts\/42934\/revisions"}],"predecessor-version":[{"id":42947,"href":"https:\/\/frenchdistrict.com\/texas\/wp-json\/wp\/v2\/posts\/42934\/revisions\/42947"}],"wp:featuredmedia":[{"embeddable":true,"href":"https:\/\/frenchdistrict.com\/texas\/wp-json\/wp\/v2\/media\/42940"}],"wp:attachment":[{"href":"https:\/\/frenchdistrict.com\/texas\/wp-json\/wp\/v2\/media?parent=42934"}],"wp:term":[{"taxonomy":"category","embeddable":true,"href":"https:\/\/frenchdistrict.com\/texas\/wp-json\/wp\/v2\/categories?post=42934"},{"taxonomy":"post_tag","embeddable":true,"href":"https:\/\/frenchdistrict.com\/texas\/wp-json\/wp\/v2\/tags?post=42934"}],"curies":[{"name":"wp","href":"https:\/\/api.w.org\/{rel}","templated":true}]}}